{"id":661095,"date":"2026-01-13T17:46:11","date_gmt":"2026-01-13T17:46:11","guid":{"rendered":"https:\/\/www.europesays.com\/fr\/661095\/"},"modified":"2026-01-13T17:46:11","modified_gmt":"2026-01-13T17:46:11","slug":"mark-ruffalo-qualifie-donald-trump-de-pire-etre-humain-et-de-fou","status":"publish","type":"post","link":"https:\/\/www.europesays.com\/fr\/661095\/","title":{"rendered":"Mark Ruffalo qualifie Donald Trump de \u00ab\u00a0pire \u00eatre humain\u00a0\u00bb et de \u00ab\u00a0fou\u00a0\u00bb"},"content":{"rendered":"<p>Son intervention n\u2019est pas pass\u00e9e inaper\u00e7ue. Lors\u00a0de la c\u00e9r\u00e9monie des <a href=\"https:\/\/www.20minutes.fr\/dossier\/golden_globes\" class=\"c-link c-link--is-underlined\" target=\"_blank\" rel=\"noopener\">Golden Globes<\/a>, organis\u00e9e \u00e0 Los Angeles (<a href=\"https:\/\/www.20minutes.fr\/monde\/etats-unis\/\" class=\"c-link c-link--is-underlined\" target=\"_blank\" rel=\"noopener\">Etats-Unis<\/a>) dans la nuit de dimanche \u00e0 lundi, <a href=\"https:\/\/www.20minutes.fr\/dossier\/mark_ruffalo\" class=\"c-link c-link--is-underlined\" target=\"_blank\" rel=\"noopener\">Mark Ruffalo<\/a> a \u00e9t\u00e9 interrog\u00e9 par la presse am\u00e9ricaine et il n\u2019a pas m\u00e2ch\u00e9 ses mots contre <a href=\"https:\/\/www.20minutes.fr\/dossier\/donald_trump\" class=\"c-link c-link--is-underlined\" target=\"_blank\" rel=\"noopener\">Donald Trump<\/a>. Il l\u2019a notamment qualifi\u00e9 de \u00ab\u00a0pire \u00eatre humain\u00a0\u00bb, comme le rapporte <a href=\"https:\/\/eu.usatoday.com\/story\/entertainment\/movies\/2026\/01\/11\/golden-globes-ice-protest-pin-mark-ruffalo-wanda-sykes\/88134903007\/\" target=\"_blank\" class=\"c-link c-link--is-underlined\" rel=\"noopener\">USA Today<\/a>.<\/p>\n<p>Avant cela, le c\u00e9l\u00e8bre acteur am\u00e9ricain de 58 ans s\u2019est exprim\u00e9 sur le pin\u2019s \u00ab\u00a0Be Good\u00a0\u00bb qu\u2019il portait,\u00a0comme beaucoup d\u2019autres stars. \u00ab\u00a0Ceci est pour Ren\u00e9e Nicole Good, qui a \u00e9t\u00e9 assassin\u00e9e\u00a0\u00bb, a-t-il d\u00e9clar\u00e9, rendant hommage \u00e0 la\u00a0<a href=\"https:\/\/www.20minutes.fr\/monde\/etats-unis\/4195181-20260109-etats-unis-renee-good-abattue-minnesota-police-immigration\" class=\"c-link c-link--is-underlined\" target=\"_blank\" rel=\"noopener\">m\u00e8re de famille\u00a0tu\u00e9e mercredi \u00e0 Minneapolis par un agent de la police f\u00e9d\u00e9rale de l\u2019immigration<\/a> (ICE).<\/p>\n<blockquote class=\"twitter-tweet\" align=\"center\" data-lang=\"fr_FR\">\n<p lang=\"en\" dir=\"ltr\">Mark Ruffalo stands on the right side of History.<\/p>\n<p>Mark, Thank you for saying what most of the world are also screaming!<br \/>\ud83d\udccdGolden Globes. <a href=\"https:\/\/t.co\/NiAISZ27ME\">pic.twitter.com\/NiAISZ27ME<\/a><\/p>\n<p>\u2014 Earth Hippy \ud83c\udf0e\ud83d\udd4a\ufe0f\ud83d\udc9a (@hippyygoat) <a href=\"https:\/\/twitter.com\/hippyygoat\/status\/2010621372012347522?ref_src=twsrc%5Etfw\" target=\"_blank\" rel=\"noopener\">January 12, 2026<\/a><\/p><\/blockquote>\n<p class=\"mb-m@xs text-l@xs\">En cliquant sur\u00ab J\u2019accepte \u00bb, vous acceptez le d\u00e9p\u00f4t de cookies par des services externes et aurez ainsi acc\u00e8s aux contenus de nos partenaires.<\/p>\n<p class=\"mb-xl@xs text-s@xs\">Plus d\u2019informations sur la page<a href=\"https:\/\/www.20minutes.fr\/gestion-cookies\" class=\"mx-xxs@xs color-ultramarine\" target=\"_blank\" rel=\"noopener\">Politique de gestion des cookies<\/a><\/p>\n<p>J\u2019accepte\u00ab\u00a0Le monde n\u2019est pas meilleur avec cet homme\u00a0\u00bb<\/p>\n<p>Mark Ruffalo, notamment connu pour avoir incarn\u00e9 le\u00a0h\u00e9ros vert Hulk, a ensuite fortement critiqu\u00e9 le pr\u00e9sident actuel des Etats-Unis. \u00ab\u00a0Nous sommes en pleine guerre contre le Venezuela, un pays que nous avons envahi ill\u00e9galement. Il pr\u00e9tend que le droit international ne compte pas pour lui. Seule sa propre morale importe, alors que c\u2019est un criminel condamn\u00e9, un violeur condamn\u00e9\u00a0\u00bb, a-t-il lanc\u00e9.<\/p>\n<p>Ne cachant pas sa col\u00e8re, l\u2019acteur a aussi \u00e9voqu\u00e9 la situation actuelle outre-Atlantique. \u00ab\u00a0Les loyers sont toujours trop \u00e9lev\u00e9s. La nourriture co\u00fbte trop cher. Les gens n\u2019arrivent pas \u00e0 nourrir leurs enfants. Ils ne peuvent pas les envoyer \u00e0 l\u2019\u00e9cole. Ils ne peuvent pas tomber malades sans risque de mourir parce qu\u2019ils ne peuvent pas se le payer\u00a0\u00bb, a-t-il d\u00e9nonc\u00e9.<\/p>\n<\/p>\n<p>S\u2019il a reconnu ne pas avoir de solution \u00e0 ces probl\u00e8mes, Mark Ruffalo a affirm\u00e9 une chose\u00a0: \u00ab\u00a0Le monde n\u2019est pas meilleur avec cet homme, ce fou au pouvoir\u00a0\u00bb, \u00e9trillant une nouvelle fois Donald Trump. \u00ab\u00a0C\u2019est le pire \u00eatre humain. Si nous devons nous fier \u00e0 la moralit\u00e9 de ce type pour le pays le plus puissant du monde, alors nous sommes tous dans de beaux draps\u00a0\u00bb, a-t-il d\u00e9plor\u00e9.<\/p>\n<p><script async src=\"https:\/\/platform.twitter.com\/widgets.js\" charset=\"utf-8\"><\/script><\/p>\n","protected":false},"excerpt":{"rendered":"Son intervention n\u2019est pas pass\u00e9e inaper\u00e7ue. Lors\u00a0de la c\u00e9r\u00e9monie des Golden Globes, organis\u00e9e \u00e0 Los Angeles (Etats-Unis) dans&hellip;\n","protected":false},"author":2,"featured_media":661096,"comment_status":"","ping_status":"","sticky":false,"template":"","format":"standard","meta":{"footnotes":""},"categories":[1359],"tags":[47,58,75,59,73,1011,27,76028,46666,74,973],"class_list":{"0":"post-661095","1":"post","2":"type-post","3":"status-publish","4":"format-standard","5":"has-post-thumbnail","7":"category-people","8":"tag-actualite","9":"tag-divertissement","10":"tag-donald-trump","11":"tag-entertainment","12":"tag-etats-unis","13":"tag-fr","14":"tag-france","15":"tag-golden-globes","16":"tag-mark-ruffalo","17":"tag-monde","18":"tag-people"},"share_on_mastodon":{"url":"https:\/\/pubeurope.com\/@fr\/115889044554907368","error":""},"_links":{"self":[{"href":"https:\/\/www.europesays.com\/fr\/wp-json\/wp\/v2\/posts\/661095","targetHints":{"allow":["GET"]}}],"collection":[{"href":"https:\/\/www.europesays.com\/fr\/wp-json\/wp\/v2\/posts"}],"about":[{"href":"https:\/\/www.europesays.com\/fr\/wp-json\/wp\/v2\/types\/post"}],"author":[{"embeddable":true,"href":"https:\/\/www.europesays.com\/fr\/wp-json\/wp\/v2\/users\/2"}],"replies":[{"embeddable":true,"href":"https:\/\/www.europesays.com\/fr\/wp-json\/wp\/v2\/comments?post=661095"}],"version-history":[{"count":0,"href":"https:\/\/www.europesays.com\/fr\/wp-json\/wp\/v2\/posts\/661095\/revisions"}],"wp:featuredmedia":[{"embeddable":true,"href":"https:\/\/www.europesays.com\/fr\/wp-json\/wp\/v2\/media\/661096"}],"wp:attachment":[{"href":"https:\/\/www.europesays.com\/fr\/wp-json\/wp\/v2\/media?parent=661095"}],"wp:term":[{"taxonomy":"category","embeddable":true,"href":"https:\/\/www.europesays.com\/fr\/wp-json\/wp\/v2\/categories?post=661095"},{"taxonomy":"post_tag","embeddable":true,"href":"https:\/\/www.europesays.com\/fr\/wp-json\/wp\/v2\/tags?post=661095"}],"curies":[{"name":"wp","href":"https:\/\/api.w.org\/{rel}","templated":true}]}}