{"id":661099,"date":"2026-01-13T17:49:21","date_gmt":"2026-01-13T17:49:21","guid":{"rendered":"https:\/\/www.europesays.com\/fr\/661099\/"},"modified":"2026-01-13T17:49:21","modified_gmt":"2026-01-13T17:49:21","slug":"jai-limpression-que-ca-les-a-saoules-bastiaan-star-academy-convaincu-detre-elimine-aux-portes-de-la-demi-finale-apres-son-evaluation","status":"publish","type":"post","link":"https:\/\/www.europesays.com\/fr\/661099\/","title":{"rendered":"\u00ab\u00a0J\u2019ai l\u2019impression que \u00e7a les a saoul\u00e9s\u00a0\u00bb : Bastiaan (Star Academy) convaincu d\u2019\u00eatre \u00e9limin\u00e9 aux portes de la demi-finale apr\u00e8s son \u00e9valuation"},"content":{"rendered":"<p class=\"articleContent-meta\">\n        Aujourd&rsquo;hui \u00e0 14:30 &#8211; par             <a class=\"articleContent-metaAuthorsLink\" href=\"https:\/\/www.programme.tv\/auteur\/veronique-bonifacy\/\" target=\"_blank\" rel=\"noopener\">V\u00e9ronique Bonifacy<\/a><\/p>\n<p>                    Tweeter<\/p>\n<p>                    Partager sur Facebook<\/p>\n<p>                        <img decoding=\"async\" src=\"https:\/\/www.europesays.com\/fr\/wp-content\/uploads\/2026\/01\/1768326561_123_star-academy-2025-ce-qu-il-faut-savoir-sur-la-nouvelle-saison.jpg\" alt=\"Player Video\" class=\"player-applyRatio poster exclude-seedtag\"\/><\/p>\n<p>Ce mardi 13 janvier, les \u00e9valuations se sont d\u00e9roul\u00e9es durant toute la matin\u00e9e \u00e0 la Star Academy en live sur TF1+. Et \u00e0 l&rsquo;issue de sa performance sur une chanson fran\u00e7aise, Bastiaan \u00e9tait convaincu d&rsquo;\u00eatre en danger aux portes de la demi-finale.<\/p>\n<p>Le stock de th\u00e8mes pour les \u00e9valuations a \u00e9t\u00e9 \u00e9puis\u00e9. Cette semaine, Michael Goldman laisse <a href=\"https:\/\/www.programme.tv\/news\/emissions-tv\/266573-je-suis-en-panique-total-lea-star-academy-destabilisee-apres-une-consigne-de-michael-goldman-pour-les-evaluations\/\" target=\"_blank\" rel=\"noopener\">carte blanche<\/a> aux cinq \u00e9l\u00e8ves encore en comp\u00e9tition \u00e0 la Star Academy pour laisser parler leur cr\u00e9ativit\u00e9. Apr\u00e8s avoir choisi leur chanson, les candidats sont libres d&rsquo;ajouter un peu de danse ou une touche de th\u00e9\u00e2tre \u00e0 leur prestation. Ce mardi 13 janvier, L\u00e9a a fait de Sarah et Bastian ses danseurs pour l&rsquo;accompagner sur On Fire de Lo\u00efc Nottet. Ambre \u00e9tait bouleversante avec Faux semblants d&rsquo;Anabel. Victor \u00e9tait magistral, en solo, sur Never forget you de Zara Larsson et MNEK. Sarah \u00e9tait entour\u00e9e de Bastiaan et Victor pour jouer ses guitaristes. Elle a interpr\u00e9t\u00e9 OK, love you, bye d&rsquo;Olivia Dean. Enfin, <a href=\"https:\/\/www.programme.tv\/news\/emissions-tv\/266522-tu-peux-pas-lacher-bastiaan-star-academy-revient-sur-sa-grosse-galere-sur-un-prime-jean-pascal-zadi-le-rassure\/\" target=\"_blank\" rel=\"noopener\">Bastiaan<\/a> a revisit\u00e9 Bbtumadores de Lesline Medina.<\/p>\n<p>                                Bastiaan (Star Academy) n&rsquo;est pas content de son \u00e9valuation avant la demi-finale<\/p>\n<p>Pendant sa performance, le jeune homme a notamment utilis\u00e9 une planche avec les photos de ses quatre \u00ab\u00a0ex\u00a0\u00bb \u00e0 savoir Sarah, L\u00e9a, Ambre et Victor. Un ressort d&rsquo;expression sc\u00e9nique qui a beaucoup fait rire les professeurs en live. Mais pour le reste, Bastiaan n&rsquo;est pas s\u00fbr d&rsquo;avoir fait effet, vocalement, aupr\u00e8s de <a href=\"https:\/\/www.programme.tv\/news\/emissions-tv\/266504-star-academy-par-erreur-sofia-morgavi-divulgue-la-note-attribuee-a-sarah-et-glisse-un-indice-sur-le-nombre-de-nomines\/\" target=\"_blank\" rel=\"noopener\">Sofia Morgavi<\/a>, <a href=\"https:\/\/www.programme.tv\/news\/emissions-tv\/266565-vous-m-en-voulez-marlene-schaff-star-academy-lance-un-defi-inattendu-qui-n-a-pas-vraiment-convaincu-les-academiciens\/\" target=\"_blank\" rel=\"noopener\">Marl\u00e8ne Schaff <\/a>et tous les autres. \u00ab\u00a0\u00c7a me saoule, c&rsquo;\u00e9tait quoi ce truc\u00a0\u00bb, d\u00e9clare-t-il en sortant de la salle de th\u00e9\u00e2tre. De retour au ch\u00e2teau, L\u00e9a et Victor constatent directement sa petite mine. \u00ab\u00a0Ah non, ne fais pas cette t\u00eate !\u00a0\u00bb, s&rsquo;\u00e9crie l&rsquo;acad\u00e9micienne. \u00ab\u00a0\u00c7a me saoule\u2026 Au d\u00e9but, j&rsquo;\u00e9tais lanc\u00e9, j&rsquo;avais le micro en quinconce, je ne l&rsquo;ai pas fait comme je voulais en fait. J&rsquo;ai oubli\u00e9 les paroles \u00e0 un moment, c&rsquo;\u00e9tait ultra cram\u00e9\u00a0\u00bb, relate <a href=\"https:\/\/www.programme.tv\/news\/emissions-tv\/266486-je-ne-me-sens-pas-a-ma-place-bastiaan-star-academy-en-pleine-remise-en-question-marlene-schaff-tente-de-le-rassurer\/\" target=\"_blank\" rel=\"noopener\">le gar\u00e7on de 23 ans<\/a>. Ses camarades tentent de le rassurer en lui attestant que les professeurs ne connaissaient pas la chanson. \u00ab\u00a0C&rsquo;est pass\u00e9 cr\u00e8me, on n&rsquo;a rien vu. Au final, on dirait juste que tu t&rsquo;es donn\u00e9 un style\u00a0\u00bb, insiste L\u00e9a.<\/p>\n<p>                Bastiaan (Star Academy) redoute les appr\u00e9ciations des professeurs<\/p>\n<p>Malgr\u00e9 ses paroles r\u00e9confortantes, Bastiaan n&rsquo;est pas convaincu. \u00ab\u00a0J<b>&lsquo;avais l&rsquo;impression que pendant la chanson, ils \u00e9taient en mode : <\/b><b>&lsquo;Ahlala, c&rsquo;est marrant deux secondes<\/b><b>&lsquo; et que \u00e7a les a saoul\u00e9s<\/b>\u00ab\u00a0, confie celui qui aimerait appeler un proche pour avoir un avis honn\u00eate sur sa prestation. Il est dans tous les cas nomm\u00e9 avec quatre de ses copains,<a href=\"https:\/\/www.programme.tv\/news\/emissions-tv\/266538-star-academy-quel-eleve-a-decroche-l-immunite-ce-samedi-10-janvier-et-accede-a-la-demi-finale\/\" target=\"_blank\" rel=\"noopener\"> le nom de la premi\u00e8re demi-finaliste \u00e9tant d\u00e9j\u00e0 connue<\/a>.<\/p>\n<p>Rejoignez-nous sur Google !<\/p>\n<p class=\"articleContent-pushTagline\">Abonnez-vous \u00e0 <a href=\"https:\/\/profile.google.com\/cp\/CgsvZy8xMjExMWxuMQ\" target=\"_blank\" rel=\"noopener\">T\u00e9l\u00e9 2 semaines sur Google<\/a> pour ne manquer aucune info !<\/p>\n","protected":false},"excerpt":{"rendered":"Aujourd&rsquo;hui \u00e0 14:30 &#8211; par V\u00e9ronique Bonifacy Tweeter Partager sur Facebook Ce mardi 13 janvier, les \u00e9valuations se&hellip;\n","protected":false},"author":2,"featured_media":661100,"comment_status":"","ping_status":"","sticky":false,"template":"","format":"standard","meta":{"footnotes":""},"categories":[1356],"tags":[58,59,1011,27,64696,64698,64694,64695,5095,64699,64697,67813,68033,252,199,2175,50015,1364,73155],"class_list":{"0":"post-661099","1":"post","2":"type-post","3":"status-publish","4":"format-standard","5":"has-post-thumbnail","7":"category-television","8":"tag-divertissement","9":"tag-entertainment","10":"tag-fr","11":"tag-france","12":"tag-la-quotidienne-25112022-173000-tf1","13":"tag-la-quotidienne-su00e9rie-52118294","14":"tag-la-quotidienne-1100832954","15":"tag-la-quotidienne-1100860641","16":"tag-star-academy","17":"tag-star-academy-le-prime-9790195","18":"tag-star-academy-1100807804","19":"tag-star-academy-1101059444","20":"tag-star-academy-1101324617","21":"tag-television","22":"tag-tf1","23":"tag-tl-story","24":"tag-tu00e9lu00e9ru00e9alitu00e9","25":"tag-tv","26":"tag-u00e9valuations"},"share_on_mastodon":{"url":"","error":"Validation failed: Text character limit of 500 exceeded"},"_links":{"self":[{"href":"https:\/\/www.europesays.com\/fr\/wp-json\/wp\/v2\/posts\/661099","targetHints":{"allow":["GET"]}}],"collection":[{"href":"https:\/\/www.europesays.com\/fr\/wp-json\/wp\/v2\/posts"}],"about":[{"href":"https:\/\/www.europesays.com\/fr\/wp-json\/wp\/v2\/types\/post"}],"author":[{"embeddable":true,"href":"https:\/\/www.europesays.com\/fr\/wp-json\/wp\/v2\/users\/2"}],"replies":[{"embeddable":true,"href":"https:\/\/www.europesays.com\/fr\/wp-json\/wp\/v2\/comments?post=661099"}],"version-history":[{"count":0,"href":"https:\/\/www.europesays.com\/fr\/wp-json\/wp\/v2\/posts\/661099\/revisions"}],"wp:featuredmedia":[{"embeddable":true,"href":"https:\/\/www.europesays.com\/fr\/wp-json\/wp\/v2\/media\/661100"}],"wp:attachment":[{"href":"https:\/\/www.europesays.com\/fr\/wp-json\/wp\/v2\/media?parent=661099"}],"wp:term":[{"taxonomy":"category","embeddable":true,"href":"https:\/\/www.europesays.com\/fr\/wp-json\/wp\/v2\/categories?post=661099"},{"taxonomy":"post_tag","embeddable":true,"href":"https:\/\/www.europesays.com\/fr\/wp-json\/wp\/v2\/tags?post=661099"}],"curies":[{"name":"wp","href":"https:\/\/api.w.org\/{rel}","templated":true}]}}