{"id":6611,"date":"2025-04-07T00:38:48","date_gmt":"2025-04-07T00:38:48","guid":{"rendered":"https:\/\/www.europesays.com\/fr\/6611\/"},"modified":"2025-04-07T00:38:48","modified_gmt":"2025-04-07T00:38:48","slug":"lille-a-depose-une-reserve-sur-la-qualification-de-thiago-almada","status":"publish","type":"post","link":"https:\/\/www.europesays.com\/fr\/6611\/","title":{"rendered":"Lille a d\u00e9pos\u00e9 une r\u00e9serve sur la qualification de Thiago Almada"},"content":{"rendered":"<p>Lille a embo\u00eet\u00e9 le pas \u00e0 plusieurs clubs de Ligue 1 en d\u00e9posant \u00e0 son tour une r\u00e9serve concernant la qualification de <a href=\"https:\/\/www.leprogres.fr\/p\/thiago-almada\" target=\"_blank\" rel=\"nofollow noopener\">Thiago Almada<\/a>, titulaire ce samedi soir, contre l\u2019OL. Le pr\u00eat gratuit du milieu argentin par Botafogo fait pol\u00e9mique, car Lyon \u00e9tait interdit de recrutement lors du mercato d\u2019hiver. Ce transfert suscite \u00e9galement la controverse en raison du syst\u00e8me de multipropri\u00e9t\u00e9 d\u2019Eagle Football, <a href=\"https:\/\/www.leprogres.fr\/p\/john-textor\" target=\"_blank\" rel=\"nofollow noopener\">John Textor<\/a> \u00e9tant propri\u00e9taire \u00e0 la fois de l&rsquo;OL et du club br\u00e9silien de Botafogo.<\/p>\n","protected":false},"excerpt":{"rendered":"Lille a embo\u00eet\u00e9 le pas \u00e0 plusieurs clubs de Ligue 1 en d\u00e9posant \u00e0 son tour une r\u00e9serve&hellip;\n","protected":false},"author":2,"featured_media":6612,"comment_status":"","ping_status":"","sticky":false,"template":"","format":"standard","meta":{"footnotes":""},"categories":[2815],"tags":[1111,11,2757,1777,674,63,1011,27,811,1307,2428,2756,12,2755,25,517],"class_list":{"0":"post-6611","1":"post","2":"type-post","3":"status-publish","4":"format-standard","5":"has-post-thumbnail","7":"category-lille","8":"tag-actu","9":"tag-actualites","10":"tag-edition-lyon-villeurbanne","11":"tag-eu","12":"tag-europe","13":"tag-football","14":"tag-fr","15":"tag-france","16":"tag-hauts-de-france","17":"tag-lille","18":"tag-lyon","19":"tag-lyon-bassin","20":"tag-news","21":"tag-ol-olympique-lyonnais-football","22":"tag-republique-francaise","23":"tag-sport"},"share_on_mastodon":{"url":"https:\/\/pubeurope.com\/@fr\/114293896952662220","error":""},"_links":{"self":[{"href":"https:\/\/www.europesays.com\/fr\/wp-json\/wp\/v2\/posts\/6611","targetHints":{"allow":["GET"]}}],"collection":[{"href":"https:\/\/www.europesays.com\/fr\/wp-json\/wp\/v2\/posts"}],"about":[{"href":"https:\/\/www.europesays.com\/fr\/wp-json\/wp\/v2\/types\/post"}],"author":[{"embeddable":true,"href":"https:\/\/www.europesays.com\/fr\/wp-json\/wp\/v2\/users\/2"}],"replies":[{"embeddable":true,"href":"https:\/\/www.europesays.com\/fr\/wp-json\/wp\/v2\/comments?post=6611"}],"version-history":[{"count":0,"href":"https:\/\/www.europesays.com\/fr\/wp-json\/wp\/v2\/posts\/6611\/revisions"}],"wp:featuredmedia":[{"embeddable":true,"href":"https:\/\/www.europesays.com\/fr\/wp-json\/wp\/v2\/media\/6612"}],"wp:attachment":[{"href":"https:\/\/www.europesays.com\/fr\/wp-json\/wp\/v2\/media?parent=6611"}],"wp:term":[{"taxonomy":"category","embeddable":true,"href":"https:\/\/www.europesays.com\/fr\/wp-json\/wp\/v2\/categories?post=6611"},{"taxonomy":"post_tag","embeddable":true,"href":"https:\/\/www.europesays.com\/fr\/wp-json\/wp\/v2\/tags?post=6611"}],"curies":[{"name":"wp","href":"https:\/\/api.w.org\/{rel}","templated":true}]}}