{"id":661103,"date":"2026-01-13T17:51:16","date_gmt":"2026-01-13T17:51:16","guid":{"rendered":"https:\/\/www.europesays.com\/fr\/661103\/"},"modified":"2026-01-13T17:51:16","modified_gmt":"2026-01-13T17:51:16","slug":"avengers-5-ce-personnage-de-black-panther-fait-son-retour-dans-les-nouvelles-images-de-doomsday-divertissements","status":"publish","type":"post","link":"https:\/\/www.europesays.com\/fr\/661103\/","title":{"rendered":"Avengers 5 : ce personnage de Black Panther fait son retour dans les nouvelles images de Doomsday : Divertissements"},"content":{"rendered":"<p class=\"lead\">S&rsquo;agira-t-elle du dernier des teasers d\u00e9voil\u00e9s par Marvel Studios pour faire monter la sauce \u00e0 un peu moins d&rsquo;un an de la sortie d&rsquo;Avengers Doomsday ? Nul ne le sait vraiment, car la rumeur d&rsquo;une cinqui\u00e8me vid\u00e9o flotte toujours dans l&rsquo;air, alors que nous n&rsquo;avons toujours pas eu le moindre aper\u00e7u du Dr. Doom auquel Robert Downey Jr. pr\u00eatera ses traits dans le film de Joe et Anthony Russo attendu le 16 d\u00e9cembre dans nos salles.<\/p>\n<p class=\"lead\">\n<p>En attendant, et alors qu&rsquo;il se dit aussi que les pr\u00e9sentations avec le grand m\u00e9chant, jusqu&rsquo;ici seulement vu de dos dans la sc\u00e8ne post-g\u00e9n\u00e9rique des 4 Fantastiques, seraient pr\u00e9vues pour une premi\u00e8re vraie bande-annonce d\u00e9voil\u00e9e au mois de f\u00e9vrier (\u00e0 l&rsquo;occasion du SuperBowl ?), le nouveau teaser mis en ligne ce mardi 13 janvier apr\u00e8s avoir \u00e9t\u00e9 projet\u00e9 en exclusivit\u00e9 dans les salles du monde entier, nous offre un aper\u00e7u de la rencontre entre deux groupes de h\u00e9ros Marvel.<\/p>\n<p class=\"lead\"> Sur le m\u00eame sujet\u00a0:  <\/p>\n<p class=\"lead\"><strong>Black Panther x Namor x Les 4 Fantastiques<\/strong><\/p>\n<p class=\"lead\">Soient, d&rsquo;un c\u00f4t\u00e9, Shuri (Letitia Wright), h\u00e9riti\u00e8re du costume de Black Panther, et M&rsquo;Baku (Winston Duke), nouveau roi du Wakanda ; et, de l&rsquo;autre, Ben Grimm (Ebon Moss-Bachrach) alias la Chose, l&rsquo;un des 4 Fantastiques introduits dans le long m\u00e9trage sorti sur nos \u00e9crans en juillet 2025. Avec \u00e9galement le retour de Namor (Tenoch Huerta), prince des mers et souverain d&rsquo;Atlantis, que l&rsquo;on aper\u00e7oit avec quelques membres de son peuple dans un d\u00e9cor d\u00e9sertique.<\/p>\n<p class=\"lead\">Faut-il en d\u00e9duire que son royaume s&rsquo;est ass\u00e9ch\u00e9 \u00e0 cause de l&rsquo;une des incursions (ou contraction dans le flux temporel du multivers, source de collision entre des r\u00e9alit\u00e9s alternatives) ? Ou qu&rsquo;il ne s&rsquo;agit que d&rsquo;un lieu de rendez-vous hors des fronti\u00e8res du Wakanda ? Dans l&rsquo;attente d&rsquo;avoir un peu plus de contexte, on notera que, comme dans les teasers sur <a href=\"https:\/\/divertissements.orange.fr\/cinema-series\/toutes-les-actus-cinema\/nouvelles-images-avengers-5-ce-super-heros-fait-son-retour-dans-doomsday-apres-4-ans-d-absence-au-cinema-CNT000002mpwc0.html\" target=\"_blank\" rel=\"noopener\">Thor<\/a> et les <a href=\"https:\/\/divertissements.orange.fr\/cinema-series\/toutes-les-actus-cinema\/avengers-5-doomsday-on-ne-les-avait-pas-vus-au-cinema-depuis-12-ans-voici-les-premieres-images-du-retour-de-ces-super-heros-avec-un-detail-qui-va-plaire-aux-fans-CNT000002mvkdH.html\" target=\"_blank\" rel=\"noopener\">X-Men<\/a> (l\u00e0 o\u00f9 <a href=\"https:\/\/divertissements.orange.fr\/cinema-series\/toutes-les-actus-cinema\/avengers-5-on-a-vu-les-premieres-images-de-doomsday-et-elles-confirment-une-rumeur-sur-le-film-marvel-attendu-en-2026-CNT000002mfB5F.html\" target=\"_blank\" rel=\"noopener\">Steve Rogers<\/a> avait l&rsquo;air plus apais\u00e9), la mort plane de fa\u00e7on insistante au-dessus des personnages. Et notamment Shuri qui, en plus d&rsquo;avoir perdu celles et ceux qui comptaient pour elle, \u00e9voque l&rsquo;au-del\u00e0 auquel elle doit pr\u00e9parer son peuple au m\u00eame titre que le combat qu&rsquo;elle entend mener.<\/p>\n<p class=\"lead\"><strong>Doomsday clock<\/strong><\/p>\n<p class=\"lead\">Au m\u00eame titre que les trois pr\u00e9c\u00e9dents, ce nouveau teaser d&rsquo;Avengers Doomsday porte bien son nom, car il reste tout aussi difficile de savoir de quelle mani\u00e8re les personnages seront int\u00e9gr\u00e9s au r\u00e9cit. Et ce qui les poussera \u00e0 faire \u00e9quipe comme ici, au-del\u00e0 de la simple menace que repr\u00e9sente Doom. R\u00e9ponse dans des nouvelles images la semaine prochaine ?<\/p>\n<p class=\"lead\">Le myst\u00e8re est d&rsquo;autant plus grand que le compte YouTube de Marvel Entertainement a mis en ligne une vid\u00e9o en direct (et assez hypnotique, il faut le dire) qui fait office de d\u00e9compte jusqu&rsquo;\u00e0 la sortie (am\u00e9ricaine) du long m\u00e9trage, d\u00e9sormais pr\u00e9vue dans un peu plus de 11 mois et 4 jours.<\/p>\n","protected":false},"excerpt":{"rendered":"S&rsquo;agira-t-elle du dernier des teasers d\u00e9voil\u00e9s par Marvel Studios pour faire monter la sauce \u00e0 un peu moins&hellip;\n","protected":false},"author":2,"featured_media":661104,"comment_status":"","ping_status":"","sticky":false,"template":"","format":"standard","meta":{"footnotes":""},"categories":[1354],"tags":[58,59,1346,1011,27,21984,1360,23589],"class_list":{"0":"post-661103","1":"post","2":"type-post","3":"status-publish","4":"format-standard","5":"has-post-thumbnail","7":"category-films","8":"tag-divertissement","9":"tag-entertainment","10":"tag-films","11":"tag-fr","12":"tag-france","13":"tag-movie","14":"tag-movies","15":"tag-vu-sur-le-web"},"share_on_mastodon":{"url":"https:\/\/pubeurope.com\/@fr\/115889064216888999","error":""},"_links":{"self":[{"href":"https:\/\/www.europesays.com\/fr\/wp-json\/wp\/v2\/posts\/661103","targetHints":{"allow":["GET"]}}],"collection":[{"href":"https:\/\/www.europesays.com\/fr\/wp-json\/wp\/v2\/posts"}],"about":[{"href":"https:\/\/www.europesays.com\/fr\/wp-json\/wp\/v2\/types\/post"}],"author":[{"embeddable":true,"href":"https:\/\/www.europesays.com\/fr\/wp-json\/wp\/v2\/users\/2"}],"replies":[{"embeddable":true,"href":"https:\/\/www.europesays.com\/fr\/wp-json\/wp\/v2\/comments?post=661103"}],"version-history":[{"count":0,"href":"https:\/\/www.europesays.com\/fr\/wp-json\/wp\/v2\/posts\/661103\/revisions"}],"wp:featuredmedia":[{"embeddable":true,"href":"https:\/\/www.europesays.com\/fr\/wp-json\/wp\/v2\/media\/661104"}],"wp:attachment":[{"href":"https:\/\/www.europesays.com\/fr\/wp-json\/wp\/v2\/media?parent=661103"}],"wp:term":[{"taxonomy":"category","embeddable":true,"href":"https:\/\/www.europesays.com\/fr\/wp-json\/wp\/v2\/categories?post=661103"},{"taxonomy":"post_tag","embeddable":true,"href":"https:\/\/www.europesays.com\/fr\/wp-json\/wp\/v2\/tags?post=661103"}],"curies":[{"name":"wp","href":"https:\/\/api.w.org\/{rel}","templated":true}]}}