{"id":661109,"date":"2026-01-13T17:54:10","date_gmt":"2026-01-13T17:54:10","guid":{"rendered":"https:\/\/www.europesays.com\/fr\/661109\/"},"modified":"2026-01-13T17:54:10","modified_gmt":"2026-01-13T17:54:10","slug":"resume-et-explication-de-lepisode-du-mercredi-14-janvier","status":"publish","type":"post","link":"https:\/\/www.europesays.com\/fr\/661109\/","title":{"rendered":"r\u00e9sum\u00e9 et explication de l&rsquo;\u00e9pisode du mercredi 14 janvier"},"content":{"rendered":"<p>Charlotte rayonne depuis sa soir\u00e9e avec Sacha, du moins en<br \/>\napparence. Sohan, intrigu\u00e9 par son comportement, lui glisse qu\u2019il<br \/>\nla trouve distante. L\u2019adolescente esquive, affirmant qu\u2019elle n\u2019est<br \/>\n\u00ab\u00a0plus une petite fille\u00a0\u00bb. Mais derri\u00e8re ses sourires se cache un<br \/>\nmalaise grandissant.<\/p>\n<p>Lors de la pr\u00e9paration du voyage scolaire, Eve annonce que les<br \/>\n\u00e9l\u00e8ves dormiront en chambre double. Charlotte esp\u00e9rait partager la<br \/>\nsienne avec Salom\u00e9, mais sera finalement avec Noura, qui la trouve<br \/>\n\u00ab\u00a0chelou\u00a0\u00bb. <a href=\"https:\/\/www.melty.fr\/series\/un-si-grand-soleil-en-avance-resume-et-explication-de-lepisode-du-mardi-13-janvier-2288619.html\" target=\"_blank\" rel=\"noopener\"><br \/>\nUn isolement qui fragilise encore davantage la jeune fille<\/a>.<\/p>\n<p>La tension monte quand Charlotte confie \u00e0 Salom\u00e9 avoir \u00e9t\u00e9<br \/>\nfilm\u00e9e pendant un rapport avec Sacha. Un acte qu\u2019elle dit ne pas<br \/>\navoir d\u00e9sir\u00e9 au d\u00e9part, mais qu\u2019elle voit comme une mani\u00e8re de<br \/>\n\u00ab\u00a0d\u00e9passer ses limites\u00a0\u00bb pour lui. Ce soir-l\u00e0, Sacha la convainc de<br \/>\nle rejoindre chez lui, malgr\u00e9 ses engagements familiaux. Il lui<br \/>\noffre un bracelet, et Charlotte, touch\u00e9e, c\u00e8de \u00e0 la pression.<\/p>\n<p>Mais quand elle d\u00e9cide de rentrer, tout d\u00e9rape. Charlotte dit<br \/>\n\u00ab\u00a0J\u2019ai pas envie\u00a0\u00bb, mais Sacha insiste. Il la pousse sur le lit,<br \/>\nl\u2019embrasse de force. Face \u00e0 ses refus, il lui murmure \u00ab\u00a0Ferme-la\u00a0\u00bb,<br \/>\navant de la contraindre. Charlotte repart h\u00e9b\u00e9t\u00e9e, choqu\u00e9e,<br \/>\nbris\u00e9e.<\/p>\n<p>Jos\u00e9 et Alix : une nouvelle alliance risqu\u00e9e<\/p>\n<p>Pendant ce temps, Alix s\u2019appr\u00eate \u00e0 fermer sa galerie quand Jos\u00e9<br \/>\nd\u00e9barque avec une id\u00e9e. Il lui propose une association : il fournit<br \/>\nles antiquit\u00e9s, elle g\u00e8re la revente. Ulysse, m\u00e9fiant, juge Jos\u00e9<br \/>\ndangereux. Mais Alix, intrigu\u00e9e, h\u00e9site. \u00ab\u00a0On est comme des chats,<br \/>\non retombe toujours sur ses pattes\u00a0\u00bb, l\u00e2che-t-elle \u00e0 Jos\u00e9, presque<br \/>\npour se convaincre. Plus tard, elle rappelle Jos\u00e9 pour faire une<br \/>\ncontre-proposition : cr\u00e9er sa propre boutique d\u2019antiquit\u00e9s et lui<br \/>\noffrir 50\u202f% des parts. Jos\u00e9 promet d\u2019y r\u00e9fl\u00e9chir.<\/p>\n<p>Tensions amoureuses et colocation \u00e9touffante chez les<br \/>\nBecker<\/p>\n<p>Depuis sa dispute avec Janet, Cl\u00e9ment Becker a pos\u00e9 ses valises<br \/>\nchez Alain et Elisabeth. Cela fait trois jours qu\u2019il rumine.<br \/>\nElisabeth, exasp\u00e9r\u00e9e par cette cohabitation impos\u00e9e, confie \u00e0 son<br \/>\nmari qu\u2019elle ne supporte plus d\u2019entendre parler du \u00ab\u00a0chalet\u00a0\u00bb. Le<br \/>\nretour \u00e0 l\u00a0\u00bb\u00e9quilibre semble encore loin pour le commissaire. Il<br \/>\ntente une approche, propose \u00e0 Janet un d\u00eener en t\u00eate-\u00e0-t\u00eate. Mais<br \/>\nelle d\u00e9cline : elle a d\u00e9j\u00e0 pr\u00e9vu une soir\u00e9e avec Alix. Elle accepte<br \/>\nn\u00e9anmoins qu\u2019il passe r\u00e9cup\u00e9rer quelques affaires. Un geste<br \/>\nsymbolique, mais qui illustre le foss\u00e9 grandissant entre eux.<\/p>\n<p>Voyage scolaire, regards qui se<br \/>\ncroisent et malaise grandissant<\/p>\n<p><a href=\"https:\/\/www.melty.fr\/series\/un-si-grand-soleil-en-avance-resume-et-explication-de-lepisode-du-lundi-12-janvier-2288040.html\" target=\"_blank\" rel=\"noopener\"><br \/>\nAlors que le d\u00e9part en classe verte approche, les tensions<br \/>\nadolescentes montent<\/a>. Charlotte sera en bin\u00f4me avec Noura, qui<br \/>\nn\u2019h\u00e9site pas \u00e0 dire : \u00ab\u00a0cette meuf est chelou\u00a0\u00bb. L\u2019ambiance est<br \/>\nlourde. Achille aussi remarque que Charlotte semble ailleurs,<br \/>\nr\u00e9p\u00e9titive, absente. Dans le tram du retour, Charlotte est fig\u00e9e.<br \/>\nSon regard perdu, son corps pr\u00e9sent mais son esprit ailleurs.<br \/>\nL\u2019\u00e9pisode se termine sur cette image gla\u00e7ante : une adolescente<br \/>\nseule, bris\u00e9e, incapable de mettre des mots sur l\u2019innommable.<\/p>\n","protected":false},"excerpt":{"rendered":"Charlotte rayonne depuis sa soir\u00e9e avec Sacha, du moins en apparence. Sohan, intrigu\u00e9 par son comportement, lui glisse&hellip;\n","protected":false},"author":2,"featured_media":661110,"comment_status":"","ping_status":"","sticky":false,"template":"","format":"standard","meta":{"footnotes":""},"categories":[8],"tags":[58,59,1011,27,9766],"class_list":{"0":"post-661109","1":"post","2":"type-post","3":"status-publish","4":"format-standard","5":"has-post-thumbnail","7":"category-divertissement","8":"tag-divertissement","9":"tag-entertainment","10":"tag-fr","11":"tag-france","12":"tag-un-si-grand-soleil"},"share_on_mastodon":{"url":"https:\/\/pubeurope.com\/@fr\/115889076074735847","error":""},"_links":{"self":[{"href":"https:\/\/www.europesays.com\/fr\/wp-json\/wp\/v2\/posts\/661109","targetHints":{"allow":["GET"]}}],"collection":[{"href":"https:\/\/www.europesays.com\/fr\/wp-json\/wp\/v2\/posts"}],"about":[{"href":"https:\/\/www.europesays.com\/fr\/wp-json\/wp\/v2\/types\/post"}],"author":[{"embeddable":true,"href":"https:\/\/www.europesays.com\/fr\/wp-json\/wp\/v2\/users\/2"}],"replies":[{"embeddable":true,"href":"https:\/\/www.europesays.com\/fr\/wp-json\/wp\/v2\/comments?post=661109"}],"version-history":[{"count":0,"href":"https:\/\/www.europesays.com\/fr\/wp-json\/wp\/v2\/posts\/661109\/revisions"}],"wp:featuredmedia":[{"embeddable":true,"href":"https:\/\/www.europesays.com\/fr\/wp-json\/wp\/v2\/media\/661110"}],"wp:attachment":[{"href":"https:\/\/www.europesays.com\/fr\/wp-json\/wp\/v2\/media?parent=661109"}],"wp:term":[{"taxonomy":"category","embeddable":true,"href":"https:\/\/www.europesays.com\/fr\/wp-json\/wp\/v2\/categories?post=661109"},{"taxonomy":"post_tag","embeddable":true,"href":"https:\/\/www.europesays.com\/fr\/wp-json\/wp\/v2\/tags?post=661109"}],"curies":[{"name":"wp","href":"https:\/\/api.w.org\/{rel}","templated":true}]}}