{"id":661113,"date":"2026-01-13T17:56:08","date_gmt":"2026-01-13T17:56:08","guid":{"rendered":"https:\/\/www.europesays.com\/fr\/661113\/"},"modified":"2026-01-13T17:56:08","modified_gmt":"2026-01-13T17:56:08","slug":"la-charge-ultra-rapide-est-elle-le-pire-ennemi-de-votre-batterie-une-nouvelle-etude-seme-le-doute-autoplus","status":"publish","type":"post","link":"https:\/\/www.europesays.com\/fr\/661113\/","title":{"rendered":"La charge ultra-rapide est-elle le pire ennemi de votre batterie ? Une nouvelle \u00e9tude s\u00e8me le doute &#8211; Autoplus"},"content":{"rendered":"<ol>\n<li><a href=\"https:\/\/news.google.com\/rss\/articles\/CBMi-wFBVV95cUxOWl9FTmdmSG42emNtR2ZfZVJCM2lfZWIxYlF1ZnJ0NDdSVzBqZmVWQ0Q4Ump6RklrT0plaW96V3VWaU5zWUNKV3pMVEhnbmxEYkYyeXBtZDdqYW5KZ2MtS3NNRTBmTEFaUncxeFlsanYxTXdDSlpfdElrZnV0cFZZdlM5TzhZWk1xT2lKdEZqTFp6eXJxMG02ekF5bndxWlRLd01XaTRxanRtTzk5ZnBjdHFFV0tLNG03UHZKWW1CLTZqd25rYVh6UHBYMk9TSDJtUGM4MmJ1d2Q1eU0zXzVjTWl1Z0Nqd2NhcG1vR1pXNjZscFAxdk92YXMyTQ?oc=5\" target=\"_blank\" rel=\"noopener\">La charge ultra-rapide est-elle le pire ennemi de votre batterie ? Une nouvelle \u00e9tude s\u00e8me le doute<\/a>&nbsp;&nbsp;Autoplus<\/li>\n<li><a href=\"https:\/\/news.google.com\/rss\/articles\/CBMiugFBVV95cUxPUExXZDhIbWUyaHFkT0NMWTlGSlhlbks5ZlJaVFZDZmJmaEo3TGNFa3k4bXZkNDZ3MWRjZFFVUi1tNnh2ZE5rZGc4MVUzWC1Ja2F0WE1DTlZtczJtRWxkOVhqUjhlMTdfR2xtOFNweFRaV01Oc3N4cjZEeTdubFFOQ3J5NUtXSXNZSFJYRXZXay01QUhHZTVFZndSakc0YVBhZkctSGN2OGJUbXF5S0p0Y283MmtWTDFQS0E?oc=5\" target=\"_blank\" rel=\"noopener\">Les batteries CATL sont celles qui r\u00e9sistent le mieux au temps selon cette \u00e9tude<\/a>&nbsp;&nbsp;Rouleur \u00c9lectrique<\/li>\n<li><a href=\"https:\/\/news.google.com\/rss\/articles\/CBMi2gFBVV95cUxOWC16SmR6OEZmNE9YdkVQR0xsT2J2aGJQT3oyc2JhVUdBelk1bXlGcThQY2dtbU1scWNHZmJzX3JvSkE1X0gyX0JfR2Y1MHY5QV83cUxfZUVSY1BiTGdheG02YnhWZ3BSTnhvWjgxbDlnSEZJbUtVQXJlSmE2blo1ckJZZXE2VTl1bzExUVJHRnFQTXpCb0tJb3g0ak93blc4WDROemY4ZThmLS1laDdxbjUwbVh2OEExM2k4cWtPelRPcWo1UExSR2RrclVWVHYtMHFtMUd5b3RxZw?oc=5\" target=\"_blank\" rel=\"noopener\">Voitures \u00e9lectriques : les batteries de ce g\u00e9ant chinois se d\u00e9graderaient moins vite que les autres<\/a>&nbsp;&nbsp;Automobile Propre<\/li>\n<li><a href=\"https:\/\/news.google.com\/rss\/articles\/CBMizAFBVV95cUxNNTZjVk9rWm1vVEZTNzZ2aDFKckJpNWNuQlhPQjJBemR6bTM1SmUtWElxanNKUWNCUkx2bkZaNTVLa2ZCRnA0c0xwTjlsTHhITDZFRzJrVnE4cy1UOFRQb1BSNGRrUWc0VDBoQ0UyNUI3aWlLUjI0OHRHMmtDZzI0ejBYTDI1Q093MjJjN2Qwc09RM3VCVzZsR3J5U3B6a1ZIeThkTHQ5RzZ1ZmdXamViTnJKeVF3UjFmSHdHUkFvTHgxZ2l4eDNYN2Q5cHE?oc=5\" target=\"_blank\" rel=\"noopener\">Les batteries CATL tiennent mieux la distance que leurs rivales, et les chiffres sont sans appel<\/a>&nbsp;&nbsp;Mac4Ever<\/li>\n<li><a href=\"https:\/\/news.google.com\/rss\/articles\/CBMi-gFBVV95cUxObjdELVk5R2xWSndkckY3MDRpOFFPS3AyLTd0SXRZR0MyTkd2NmFrZ2NJMy1yZGtzOXg3ZXhnc2xaSm56QXZJb2sxMmFTMUhObHZPV0NGcGpMdXotdXMtd1pveTVibUd5Uld4a3JmUXJkVHpHQ2Y1a0FISU5iTWk2ejljdnB5enpNSHM2Uk5ERlB0MlhLSTJrUmN4cDByZmZMSFdYXzBIdU8zc2E4ZXBmbWdLT1VBYTZyREZJSkI4Ry1UM1RibWVmRUZfRHoxV0ZjRUlPQkh0QS1YVkgzczAxMzE5OVRnUmkyelM1QUlMRGhwWjRaVGozQU9R?oc=5\" target=\"_blank\" rel=\"noopener\">Voici l&rsquo;impact r\u00e9el des charges rapides sur la dur\u00e9e de vie des batteries de voiture \u00e9lectrique<\/a>&nbsp;&nbsp;Frandroid<\/li>\n<\/ol>\n","protected":false},"excerpt":{"rendered":"La charge ultra-rapide est-elle le pire ennemi de votre batterie ? Une nouvelle \u00e9tude s\u00e8me le doute&nbsp;&nbsp;Autoplus Les&hellip;\n","protected":false},"author":2,"featured_media":395849,"comment_status":"","ping_status":"","sticky":false,"template":"","format":"standard","meta":{"footnotes":""},"categories":[6],"tags":[35,33,34,1011,27],"class_list":{"0":"post-661113","1":"post","2":"type-post","3":"status-publish","4":"format-standard","5":"has-post-thumbnail","7":"category-economie","8":"tag-business","9":"tag-economie","10":"tag-economy","11":"tag-fr","12":"tag-france"},"share_on_mastodon":{"url":"https:\/\/pubeurope.com\/@fr\/115889083803295806","error":""},"_links":{"self":[{"href":"https:\/\/www.europesays.com\/fr\/wp-json\/wp\/v2\/posts\/661113","targetHints":{"allow":["GET"]}}],"collection":[{"href":"https:\/\/www.europesays.com\/fr\/wp-json\/wp\/v2\/posts"}],"about":[{"href":"https:\/\/www.europesays.com\/fr\/wp-json\/wp\/v2\/types\/post"}],"author":[{"embeddable":true,"href":"https:\/\/www.europesays.com\/fr\/wp-json\/wp\/v2\/users\/2"}],"replies":[{"embeddable":true,"href":"https:\/\/www.europesays.com\/fr\/wp-json\/wp\/v2\/comments?post=661113"}],"version-history":[{"count":0,"href":"https:\/\/www.europesays.com\/fr\/wp-json\/wp\/v2\/posts\/661113\/revisions"}],"wp:featuredmedia":[{"embeddable":true,"href":"https:\/\/www.europesays.com\/fr\/wp-json\/wp\/v2\/media\/395849"}],"wp:attachment":[{"href":"https:\/\/www.europesays.com\/fr\/wp-json\/wp\/v2\/media?parent=661113"}],"wp:term":[{"taxonomy":"category","embeddable":true,"href":"https:\/\/www.europesays.com\/fr\/wp-json\/wp\/v2\/categories?post=661113"},{"taxonomy":"post_tag","embeddable":true,"href":"https:\/\/www.europesays.com\/fr\/wp-json\/wp\/v2\/tags?post=661113"}],"curies":[{"name":"wp","href":"https:\/\/api.w.org\/{rel}","templated":true}]}}