{"id":661117,"date":"2026-01-13T17:59:12","date_gmt":"2026-01-13T17:59:12","guid":{"rendered":"https:\/\/www.europesays.com\/fr\/661117\/"},"modified":"2026-01-13T17:59:12","modified_gmt":"2026-01-13T17:59:12","slug":"mesures-de-contrainte-pour-jessica-moretti-coproprietaire-du-bar-le-constellation","status":"publish","type":"post","link":"https:\/\/www.europesays.com\/fr\/661117\/","title":{"rendered":"mesures de contrainte pour Jessica Moretti, copropri\u00e9taire du bar Le Constellation"},"content":{"rendered":"<p>                      <img loading=\"lazy\" decoding=\"async\" src=\"https:\/\/www.europesays.com\/fr\/wp-content\/uploads\/2026\/01\/18ff275_ftp-1-adg0wl128xuc-2026-01-09t114542z-14423333-rc2jxialq9lp-rtrmadp-3-switzerland-blast-ques.jpeg\" alt=\"Jacques et Jessica Moretti, le couple qui tenait le bar Le Constellation dans la station de ski de Crans-Montana, arrivent au minist\u00e8re public du canton du Valais \u00e0 Sion (Suisse) pour y \u00eatre interrog\u00e9s, le 9\u00a0janvier 2026. \"   width=\"664\" height=\"443\"\/>    Jacques et Jessica Moretti, le couple qui tenait le bar Le Constellation dans la station de ski de Crans-Montana, arrivent au minist\u00e8re public du canton du Valais \u00e0 Sion (Suisse) pour y \u00eatre interrog\u00e9s, le 9\u00a0janvier 2026.  UMIT BEKTAS\/REUTERS                          <\/p>\n<p class=\"article__paragraph  \">Le tribunal des mesures de contrainte (TMC) du canton du Valais a annonc\u00e9, mardi 13\u00a0janvier, avoir ordonn\u00e9 une s\u00e9rie de mesures de contrainte contre Jessica Moretti, copropri\u00e9taire avec son mari, Jacques, du bar Le Constellation dans la station de ski de <a href=\"https:\/\/www.lemonde.fr\/incendie-a-crans-montana\/\" target=\"_blank\" rel=\"noopener\">Crans-Montana<\/a>, en Suisse, incendi\u00e9 durant la nuit du Nouvel An. Le TMC a annonc\u00e9 dans un communiqu\u00e9 avoir impos\u00e9, lundi, \u00e0 Jessica Moretti \u00ab\u00a0des mesures de substitution \u00e0 la d\u00e9tention provisoire en raison de l\u2019existence d\u2019un risque de fuite\u00a0\u00bb.<\/p>\n<p class=\"article__paragraph  \">Selon le tribunal, \u00ab\u00a0il s\u2019agit des mesures classiques consistant en l\u2019interdiction de quitter le territoire helv\u00e9tique, l\u2019obligation de d\u00e9poser tous ses documents d\u2019identit\u00e9 et de s\u00e9jour aupr\u00e8s du minist\u00e8re public, l\u2019obligation de se pr\u00e9senter quotidiennement aupr\u00e8s d\u2019un poste de police et l\u2019obligation de verser des s\u00fbret\u00e9s ad\u00e9quates\u00a0\u00bb, dont le montant sera fix\u00e9 ult\u00e9rieurement, a pr\u00e9cis\u00e9 le TMC.<\/p>\n<p class=\"article__paragraph  \">Lundi, le m\u00eame tribunal avait ordonn\u00e9 <a href=\"https:\/\/www.lemonde.fr\/international\/article\/2026\/01\/12\/incendie-de-crans-montana-le-proprietaire-du-bar-place-en-detention-provisoire-pour-trois-mois_6661483_3210.html\" target=\"_blank\" rel=\"noopener\">le placement en d\u00e9tention provisoire de Jacques Moretti, \u00ab\u00a0pour une dur\u00e9e initiale de trois mois\u00a0\u00bb<\/a>, \u00e9galement \u00ab\u00a0en raison de l\u2019existence d\u2019un risque de fuite\u00a0\u00bb. Cette privation de libert\u00e9 \u00e9tait r\u00e9clam\u00e9e depuis des jours par les avocats des familles des victimes. Mardi, le TMC a indiqu\u00e9 que \u00ab\u00a0le minist\u00e8re public n\u2019ayant pas requis la d\u00e9tention provisoire\u00a0\u00bb pour Jessica Moretti, celle-ci \u00ab\u00a0ne pouvait pas \u00eatre ordonn\u00e9e\u00a0\u00bb.<\/p>\n<p>                                       Lire aussi |  Article r\u00e9serv\u00e9 \u00e0 nos abonn\u00e9s  <a href=\"https:\/\/www.lemonde.fr\/idees\/article\/2026\/01\/09\/la-tragedie-de-crans-montana-temoigne-aussi-d-un-bouleversement-dans-la-facon-de-faire-la-fete-qu-il-est-urgent-d-accompagner_6661206_3232.html\" class=\"js-article-read-also catcher--favoris__link\" data-premium=\"1\" id=\"article-title-3453856\" target=\"_blank\" rel=\"noopener\">\u00ab\u00a0La trag\u00e9die de Crans-Montana t\u00e9moigne aussi d\u2019un bouleversement dans la fa\u00e7on de faire la f\u00eate qu\u2019il est urgent d\u2019accompagner\u00a0\u00bb<\/a>    <\/p>\n<p>   Lire plus tard  <\/p>\n<p>                          Aucune inspection du syst\u00e8me de s\u00e9curit\u00e9 depuis 2019                    <\/p>\n<p class=\"article__paragraph  \">Le couple de Fran\u00e7ais, mis en cause dans l\u2019enqu\u00eate ouverte apr\u00e8s cette trag\u00e9die qui a fait 40 morts et 116 bless\u00e9s, avait \u00e9t\u00e9 entendu vendredi par le minist\u00e8re public valaisan. D\u2019apr\u00e8s les premiers \u00e9l\u00e9ments de l\u2019enqu\u00eate, le drame a \u00e9t\u00e9 provoqu\u00e9 par des \u00e9tincelles de bougies \u00ab\u00a0fontaines\u00a0\u00bb entr\u00e9es en contact avec une mousse acoustique pos\u00e9e au plafond du sous-sol de l\u2019\u00e9tablissement.<\/p>\n<p class=\"article__paragraph  \">Des interrogations portent sur la nature de cette mousse, mais aussi sur la pr\u00e9sence d\u2019extincteurs, sur leur acc\u00e8s, et sur la conformit\u00e9 des voies de sortie du bar Le Constellation. Le couple est soup\u00e7onn\u00e9 d\u2019\u00ab\u00a0homicide par n\u00e9gligence, de l\u00e9sions corporelles par n\u00e9gligence et d\u2019incendie par n\u00e9gligence\u00a0\u00bb.<\/p>\n<p class=\"article__paragraph  \">La commune de Crans-Montana a, de son c\u00f4t\u00e9, reconnu qu\u2019aucune inspection du syst\u00e8me de s\u00e9curit\u00e9 et du syst\u00e8me incendie du Constellation n\u2019avait \u00e9t\u00e9 effectu\u00e9e depuis 2019, suscitant la consternation de certaines familles. Au terme de l\u2019instruction ouverte, le minist\u00e8re public d\u00e9cidera de classer l\u2019affaire ou d\u2019\u00e9mettre un acte d\u2019accusation en vue d\u2019un \u00e9ventuel proc\u00e8s. En attendant, la pr\u00e9somption d\u2019innocence pr\u00e9vaut.<\/p>\n<p>                                       Lire aussi |  Article r\u00e9serv\u00e9 \u00e0 nos abonn\u00e9s  <a href=\"https:\/\/www.lemonde.fr\/societe\/article\/2026\/01\/10\/incendie-de-crans-montana-en-suisse-une-journee-de-deuil-national-et-la-question-sur-les-responsabilites-y-compris-celles-des-autorites_6661250_3224.html\" class=\"js-article-read-also catcher--favoris__link\" data-premium=\"1\" id=\"article-title-3453975\" target=\"_blank\" rel=\"noopener\">Incendie de Crans-Montana\u00a0: en Suisse, une journ\u00e9e de deuil national et la question sur \u00ab\u00a0les responsabilit\u00e9s, y compris celles des autorit\u00e9s\u00a0\u00bb<\/a>    <\/p>\n<p>   Lire plus tard  <\/p>\n<p class=\"author__detail\">  Le Monde avec AFP  <\/p>\n","protected":false},"excerpt":{"rendered":"Jacques et Jessica Moretti, le couple qui tenait le bar Le Constellation dans la station de ski de&hellip;\n","protected":false},"author":2,"featured_media":661118,"comment_status":"","ping_status":"","sticky":false,"template":"","format":"standard","meta":{"footnotes":""},"categories":[2],"tags":[11,1011,27,12],"class_list":{"0":"post-661117","1":"post","2":"type-post","3":"status-publish","4":"format-standard","5":"has-post-thumbnail","7":"category-actualites","8":"tag-actualites","9":"tag-fr","10":"tag-france","11":"tag-news"},"share_on_mastodon":{"url":"https:\/\/pubeurope.com\/@fr\/115889095726864050","error":""},"_links":{"self":[{"href":"https:\/\/www.europesays.com\/fr\/wp-json\/wp\/v2\/posts\/661117","targetHints":{"allow":["GET"]}}],"collection":[{"href":"https:\/\/www.europesays.com\/fr\/wp-json\/wp\/v2\/posts"}],"about":[{"href":"https:\/\/www.europesays.com\/fr\/wp-json\/wp\/v2\/types\/post"}],"author":[{"embeddable":true,"href":"https:\/\/www.europesays.com\/fr\/wp-json\/wp\/v2\/users\/2"}],"replies":[{"embeddable":true,"href":"https:\/\/www.europesays.com\/fr\/wp-json\/wp\/v2\/comments?post=661117"}],"version-history":[{"count":0,"href":"https:\/\/www.europesays.com\/fr\/wp-json\/wp\/v2\/posts\/661117\/revisions"}],"wp:featuredmedia":[{"embeddable":true,"href":"https:\/\/www.europesays.com\/fr\/wp-json\/wp\/v2\/media\/661118"}],"wp:attachment":[{"href":"https:\/\/www.europesays.com\/fr\/wp-json\/wp\/v2\/media?parent=661117"}],"wp:term":[{"taxonomy":"category","embeddable":true,"href":"https:\/\/www.europesays.com\/fr\/wp-json\/wp\/v2\/categories?post=661117"},{"taxonomy":"post_tag","embeddable":true,"href":"https:\/\/www.europesays.com\/fr\/wp-json\/wp\/v2\/tags?post=661117"}],"curies":[{"name":"wp","href":"https:\/\/api.w.org\/{rel}","templated":true}]}}