{"id":661119,"date":"2026-01-13T18:00:17","date_gmt":"2026-01-13T18:00:17","guid":{"rendered":"https:\/\/www.europesays.com\/fr\/661119\/"},"modified":"2026-01-13T18:00:17","modified_gmt":"2026-01-13T18:00:17","slug":"la-ricamarie-comment-le-chambon-feugerolles-et-la-ricamarie-gerent-le-deneigement","status":"publish","type":"post","link":"https:\/\/www.europesays.com\/fr\/661119\/","title":{"rendered":"La Ricamarie. Comment Le Chambon-Feugerolles et La Ricamarie g\u00e8rent le d\u00e9neigement"},"content":{"rendered":"<p>\u00c0 l\u2019occasion de l\u2019hiver, nous avons \u00e9t\u00e9 re\u00e7us par les \u00e9lus et responsables techniques du Chambon-Feugerolles et de La Ricamarie, qui nous ont expos\u00e9 leur plan grand froid.<\/p>\n<p>Au Chambon-Feugerolles, la Direction organisation hivernale (DOVH), pr\u00e9sent\u00e9e par Henri Bouth\u00e9on, premier adjoint, et Patrick Giraud, responsable de la voirie, coordonne les interventions. La topographie particuli\u00e8re&#8230;<\/p>\n","protected":false},"excerpt":{"rendered":"\u00c0 l\u2019occasion de l\u2019hiver, nous avons \u00e9t\u00e9 re\u00e7us par les \u00e9lus et responsables techniques du Chambon-Feugerolles et de&hellip;\n","protected":false},"author":2,"featured_media":661120,"comment_status":"","ping_status":"","sticky":false,"template":"","format":"standard","meta":{"footnotes":""},"categories":[9653],"tags":[1111,11,2430,7539,436,1777,674,1011,27,11324,11325,8423,12,25,4001],"class_list":{"0":"post-661119","1":"post","2":"type-post","3":"status-publish","4":"format-standard","5":"has-post-thumbnail","7":"category-saint-etienne","8":"tag-actu","9":"tag-actualites","10":"tag-auvergne-rhone-alpes","11":"tag-edition-loire-sud","12":"tag-environnement","13":"tag-eu","14":"tag-europe","15":"tag-fr","16":"tag-france","17":"tag-la-ricamarie","18":"tag-la-ricamarie-ville","19":"tag-meteorologie-climat","20":"tag-news","21":"tag-republique-francaise","22":"tag-saint-etienne"},"share_on_mastodon":{"url":"https:\/\/pubeurope.com\/@fr\/115889099629830498","error":""},"_links":{"self":[{"href":"https:\/\/www.europesays.com\/fr\/wp-json\/wp\/v2\/posts\/661119","targetHints":{"allow":["GET"]}}],"collection":[{"href":"https:\/\/www.europesays.com\/fr\/wp-json\/wp\/v2\/posts"}],"about":[{"href":"https:\/\/www.europesays.com\/fr\/wp-json\/wp\/v2\/types\/post"}],"author":[{"embeddable":true,"href":"https:\/\/www.europesays.com\/fr\/wp-json\/wp\/v2\/users\/2"}],"replies":[{"embeddable":true,"href":"https:\/\/www.europesays.com\/fr\/wp-json\/wp\/v2\/comments?post=661119"}],"version-history":[{"count":0,"href":"https:\/\/www.europesays.com\/fr\/wp-json\/wp\/v2\/posts\/661119\/revisions"}],"wp:featuredmedia":[{"embeddable":true,"href":"https:\/\/www.europesays.com\/fr\/wp-json\/wp\/v2\/media\/661120"}],"wp:attachment":[{"href":"https:\/\/www.europesays.com\/fr\/wp-json\/wp\/v2\/media?parent=661119"}],"wp:term":[{"taxonomy":"category","embeddable":true,"href":"https:\/\/www.europesays.com\/fr\/wp-json\/wp\/v2\/categories?post=661119"},{"taxonomy":"post_tag","embeddable":true,"href":"https:\/\/www.europesays.com\/fr\/wp-json\/wp\/v2\/tags?post=661119"}],"curies":[{"name":"wp","href":"https:\/\/api.w.org\/{rel}","templated":true}]}}