{"id":661123,"date":"2026-01-13T18:02:11","date_gmt":"2026-01-13T18:02:11","guid":{"rendered":"https:\/\/www.europesays.com\/fr\/661123\/"},"modified":"2026-01-13T18:02:11","modified_gmt":"2026-01-13T18:02:11","slug":"nancy-le-sapin-de-fin-dannee-va-quitter-la-place-stanislas","status":"publish","type":"post","link":"https:\/\/www.europesays.com\/fr\/661123\/","title":{"rendered":"Nancy. Le sapin de fin d\u2019ann\u00e9e va quitter la place Stanislas"},"content":{"rendered":"<p>On ne dira pas que \u00e7a sent l\u2019\u00e9t\u00e9 (n\u2019exag\u00e9rons pas) mais tout de m\u00eame, l\u2019info se confirme\u2026 les f\u00eates, c\u2019est termin\u00e9\u00a0!<\/p>\n<p>Preuve suppl\u00e9mentaire de ce retour \u00e0 l\u2019ordinaire, apr\u00e8s des semaines sous le signe des illuminations, des vins chauds et des cadeaux\u00a0: le d\u00e9montage <a href=\"https:\/\/www.estrepublicain.fr\/culture-loisirs\/2025\/11\/06\/un-sapin-de-noel-de-18-metres-place-stanislas-les-fetes-sont-en-approche\" target=\"_blank\" rel=\"noopener\">du sapin place Stanislas.<\/a> \u00a0D\u00e9montage qui a commenc\u00e9 cette semaine avec la d\u00e9pose des guirlandes et autres d\u00e9corations.<\/p>\n<p>Arriv\u00e9 le 6\u00a0novembre en provenance de Haute-Sa\u00f4ne, o\u00f9 il avait grandi dans le jardin d\u2019un particulier mais o\u00f9 il \u00e9tait devenu g\u00eanant, <a href=\"https:\/\/www.estrepublicain.fr\/insolite\/2025\/11\/07\/le-sapin-de-la-place-stanislas-retrouve-de-la-hauteur-apres-la-version-naine-de-2024\" target=\"_blank\" rel=\"noopener\">le conif\u00e8re est donc sur le point d\u2019\u00eatre d\u00e9bit\u00e9<\/a> et donc de dispara\u00eetre du d\u00e9cor nanc\u00e9ien. Apr\u00e8s avoir \u00e9merveill\u00e9 et servi de toile de fond \u00e0 des selfies par milliers\u2026<\/p>\n","protected":false},"excerpt":{"rendered":"On ne dira pas que \u00e7a sent l\u2019\u00e9t\u00e9 (n\u2019exag\u00e9rons pas) mais tout de m\u00eame, l\u2019info se confirme\u2026 les&hellip;\n","protected":false},"author":2,"featured_media":661124,"comment_status":"","ping_status":"","sticky":false,"template":"","format":"standard","meta":{"footnotes":""},"categories":[9635],"tags":[1111,11,1687,1704,1777,674,3326,1011,27,775,1702,1703,12,25],"class_list":{"0":"post-661123","1":"post","2":"type-post","3":"status-publish","4":"format-standard","5":"has-post-thumbnail","7":"category-nancy","8":"tag-actu","9":"tag-actualites","10":"tag-culture-loisirs","11":"tag-edition-nancy-et-agglomeration","12":"tag-eu","13":"tag-europe","14":"tag-fete-locale","15":"tag-fr","16":"tag-france","17":"tag-grand-est","18":"tag-nancy","19":"tag-nancy-ville-54b","20":"tag-news","21":"tag-republique-francaise"},"share_on_mastodon":{"url":"https:\/\/pubeurope.com\/@fr\/115889107671918194","error":""},"_links":{"self":[{"href":"https:\/\/www.europesays.com\/fr\/wp-json\/wp\/v2\/posts\/661123","targetHints":{"allow":["GET"]}}],"collection":[{"href":"https:\/\/www.europesays.com\/fr\/wp-json\/wp\/v2\/posts"}],"about":[{"href":"https:\/\/www.europesays.com\/fr\/wp-json\/wp\/v2\/types\/post"}],"author":[{"embeddable":true,"href":"https:\/\/www.europesays.com\/fr\/wp-json\/wp\/v2\/users\/2"}],"replies":[{"embeddable":true,"href":"https:\/\/www.europesays.com\/fr\/wp-json\/wp\/v2\/comments?post=661123"}],"version-history":[{"count":0,"href":"https:\/\/www.europesays.com\/fr\/wp-json\/wp\/v2\/posts\/661123\/revisions"}],"wp:featuredmedia":[{"embeddable":true,"href":"https:\/\/www.europesays.com\/fr\/wp-json\/wp\/v2\/media\/661124"}],"wp:attachment":[{"href":"https:\/\/www.europesays.com\/fr\/wp-json\/wp\/v2\/media?parent=661123"}],"wp:term":[{"taxonomy":"category","embeddable":true,"href":"https:\/\/www.europesays.com\/fr\/wp-json\/wp\/v2\/categories?post=661123"},{"taxonomy":"post_tag","embeddable":true,"href":"https:\/\/www.europesays.com\/fr\/wp-json\/wp\/v2\/tags?post=661123"}],"curies":[{"name":"wp","href":"https:\/\/api.w.org\/{rel}","templated":true}]}}