{"id":661131,"date":"2026-01-13T18:06:14","date_gmt":"2026-01-13T18:06:14","guid":{"rendered":"https:\/\/www.europesays.com\/fr\/661131\/"},"modified":"2026-01-13T18:06:14","modified_gmt":"2026-01-13T18:06:14","slug":"philippe-auge-president-de-luniversite-de-montpellier-appelle-a-un-debat-profond-sur-le-role-de-lenseignement-superieur-public","status":"publish","type":"post","link":"https:\/\/www.europesays.com\/fr\/661131\/","title":{"rendered":"Philippe Aug\u00e9, pr\u00e9sident de l\u2019Universit\u00e9 de Montpellier, appelle \u00e0 \u00ab\u00a0un d\u00e9bat profond sur le r\u00f4le de l\u2019enseignement sup\u00e9rieur public\u00a0\u00bb"},"content":{"rendered":"<p>\n                                                                Philippe Aug\u00e9, pr\u00e9sident de l\u2019Universit\u00e9 de Montpellier, a pr\u00e9sent\u00e9 ses v\u0153ux ce mardi 13\u00a0janvier. L\u2019occasion de faire le bilan des actions r\u00e9alis\u00e9es, mais aussi de se projeter sur les projets \u00e0 venir.\n                            <\/p>\n<p>\u00ab\u00a0Ce que l\u2019on peut nous souhaiter pour 2026\u00a0? Un budget, bien s\u00fbr, un peu plus de consid\u00e9ration, \u00e9videmment, mais surtout une nouvelle loi de programmation sur l\u2019enseignement sup\u00e9rieur public. Il faut un d\u00e9bat profond sur notre r\u00f4le dans la soci\u00e9t\u00e9\u00a0!\u00a0\u00bb Ainsi se sont conclus, ce mardi 13\u00a0janvier, les v\u0153ux du pr\u00e9sident de l\u2019Universit\u00e9. Devant un palais des sports de Veyrassi bien rempli, et face aux repr\u00e9sentants du monde politique, \u00e9conomique, acad\u00e9miques et du corps enseignant, Philippe Aug\u00e9 n\u2019a pas d\u00e9rog\u00e9 \u00e0 la r\u00e8gle du bilan.<\/p>\n<p>L\u2019appel \u00e0 une r\u00e9flexion sur le r\u00f4le des universit\u00e9s<\/p>\n<p><a href=\"https:\/\/www.midilibre.fr\/2025\/12\/17\/poursuivre-la-dynamique-engagee-philippe-auge-reelu-president-de-luniversite-de-montpellier-13116907.php\" target=\"_blank\" rel=\"noopener\">Celui qui vient d\u2019\u00eatre r\u00e9\u00e9lu<\/a> sur un poste qu\u2019il occupe depuis 2015 d\u00e9bute par un constat. Comme en 2025, les universit\u00e9s Fran\u00e7aises entament leur ann\u00e9e civile dans un flou budg\u00e9taire, faute de budget vot\u00e9 par l\u2019Assembl\u00e9e. Comme en 2025, l\u2019Universit\u00e9 de Montpellier devra supporter les co\u00fbts financiers des mesures non compens\u00e9es par l\u2019\u00c9tat (\u00e0 hauteur de 16\u00a0millions d&rsquo;\u20ac). \u00ab\u00a0Et toujours ce manque de confiance dont on fait preuve \u00e0 notre \u00e9gard, malgr\u00e9 notre l\u00e9gitimit\u00e9 issue d\u2019\u00e9lections, et qui se traduit par des enqu\u00eates, des contr\u00f4les, des process\u2026 La France des proc\u00e9dures contre celle des projets\u00a0!\u00a0\u00bb<\/p>\n<p>Reste qu\u2019il y en a de beaux, des projets, \u00e0 mettre au cr\u00e9dit de l\u2019ann\u00e9e \u00e9coul\u00e9e. Le d\u00e9veloppement des th\u00e9matiques environnementales dans les formations dispens\u00e9es aux futurs ing\u00e9nieurs de Polytech\u00a0; le lancement en collaboration avec la R\u00e9gion, la M\u00e9tropole et le CHU d\u2019IA Montpellier M\u00e9diterran\u00e9e autour de l\u2019intelligence artificielle\u00a0; l\u2019acquisition de la Chapelle de la visitation et sa mise \u00e0 disposition des \u00e9tudiants de la facult\u00e9 de Droit et de Sciences Politiques\u00a0; ou encore la restauration du portail historique du jardin des plantes, propri\u00e9t\u00e9 de l\u2019Universit\u00e9.<\/p>\n<p>Une feuille de route pour 2026<\/p>\n<p>Et pour 2026\u00a0? \u00ab\u00a0Une nouvelle \u00e9quipe a \u00e9t\u00e9 \u00e9lue. Elle devra \u00e9laborer un nouveau contrat d\u2019\u00e9tablissement avec le minist\u00e8re pour janvier\u00a02027, en mettant toujours en avant notre ancrage territorial et notre diversit\u00e9 de formation, d\u00e9taille Philippe Aug\u00e9. Nous voulons \u00e9galement mettre l\u2019accent sur les sciences ouvertes, pour que nos connaissances soient mieux diffus\u00e9es aupr\u00e8s du grand public. Comme en 2025, nous aurons un \u0153il attentif \u00e0 la condition \u00e9tudiante, sur les questions de sant\u00e9 et de pr\u00e9carit\u00e9. Enfin, c\u00f4t\u00e9 immobilier, un nouveau restaurant universitaire doit voir le jour sur le campus de Saint-Priest.\u00a0\u00bb<\/p>\n<p>Pour rappel, l\u2019Universit\u00e9 de Montpellier accueille 51\u00a0000 \u00e9tudiants au sein de 17 structures\u00a0: huit facult\u00e9s (dont celles de Droit, de M\u00e9decine, d\u2019\u00c9conomie ou d\u2019\u00c9ducation), sept instituts (IAE, IUT de Montpellier-S\u00e8te, B\u00e9ziers et N\u00eemes, Montpellier Management\u2026) et deux \u00e9coles.<\/p>\n","protected":false},"excerpt":{"rendered":"Philippe Aug\u00e9, pr\u00e9sident de l\u2019Universit\u00e9 de Montpellier, a pr\u00e9sent\u00e9 ses v\u0153ux ce mardi 13\u00a0janvier. L\u2019occasion de faire le&hellip;\n","protected":false},"author":2,"featured_media":661132,"comment_status":"","ping_status":"","sticky":false,"template":"","format":"standard","meta":{"footnotes":""},"categories":[9599],"tags":[1111,11,1057,70461,1777,674,1011,27,7089,2208,12,2680,25],"class_list":{"0":"post-661131","1":"post","2":"type-post","3":"status-publish","4":"format-standard","5":"has-post-thumbnail","7":"category-montpellier","8":"tag-actu","9":"tag-actualites","10":"tag-education","11":"tag-enseignement-et-formation","12":"tag-eu","13":"tag-europe","14":"tag-fr","15":"tag-france","16":"tag-herault","17":"tag-montpellier","18":"tag-news","19":"tag-occitanie","20":"tag-republique-francaise"},"share_on_mastodon":{"url":"https:\/\/pubeurope.com\/@fr\/115889123205614740","error":""},"_links":{"self":[{"href":"https:\/\/www.europesays.com\/fr\/wp-json\/wp\/v2\/posts\/661131","targetHints":{"allow":["GET"]}}],"collection":[{"href":"https:\/\/www.europesays.com\/fr\/wp-json\/wp\/v2\/posts"}],"about":[{"href":"https:\/\/www.europesays.com\/fr\/wp-json\/wp\/v2\/types\/post"}],"author":[{"embeddable":true,"href":"https:\/\/www.europesays.com\/fr\/wp-json\/wp\/v2\/users\/2"}],"replies":[{"embeddable":true,"href":"https:\/\/www.europesays.com\/fr\/wp-json\/wp\/v2\/comments?post=661131"}],"version-history":[{"count":0,"href":"https:\/\/www.europesays.com\/fr\/wp-json\/wp\/v2\/posts\/661131\/revisions"}],"wp:featuredmedia":[{"embeddable":true,"href":"https:\/\/www.europesays.com\/fr\/wp-json\/wp\/v2\/media\/661132"}],"wp:attachment":[{"href":"https:\/\/www.europesays.com\/fr\/wp-json\/wp\/v2\/media?parent=661131"}],"wp:term":[{"taxonomy":"category","embeddable":true,"href":"https:\/\/www.europesays.com\/fr\/wp-json\/wp\/v2\/categories?post=661131"},{"taxonomy":"post_tag","embeddable":true,"href":"https:\/\/www.europesays.com\/fr\/wp-json\/wp\/v2\/tags?post=661131"}],"curies":[{"name":"wp","href":"https:\/\/api.w.org\/{rel}","templated":true}]}}