{"id":661133,"date":"2026-01-13T18:07:17","date_gmt":"2026-01-13T18:07:17","guid":{"rendered":"https:\/\/www.europesays.com\/fr\/661133\/"},"modified":"2026-01-13T18:07:17","modified_gmt":"2026-01-13T18:07:17","slug":"montpellier-la-ville-de-france-ou-lon-a-le-plus-crushe-en-2025","status":"publish","type":"post","link":"https:\/\/www.europesays.com\/fr\/661133\/","title":{"rendered":"Montpellier, la ville de France o\u00f9 l\u2019on a le plus \u00ab crush\u00e9 \u00bb en 2025"},"content":{"rendered":"<p> <strong>Montpellier au top<\/strong><\/p>\n<p style=\"text-align: justify;\">\u00a0<\/p>\n<p style=\"text-align: justify;\">D\u2019apr\u00e8s <strong>la r\u00e9trospective annuelle de l\u2019application, bas\u00e9e sur la g\u00e9olocalisation et les interactions entre utilisateurs<\/strong>, Montpellier arrive non seulement premi\u00e8re au niveau national, mais se classe \u00e9galement 5\u1d49 au niveau mondial, aux c\u00f4t\u00e9s de grandes villes europ\u00e9ennes comme Oslo ou Amsterdam. <strong>Toulouse n\u2019est pas en reste, avec une 4\u1d49 place en France et une 9\u1d49 place mondiale.<\/strong><\/p>\n<p style=\"text-align: justify;\">\u00a0<\/p>\n<p><strong>Quelques d\u00e9tails int\u00e9ressants pour les c\u00e9libataires<\/strong><\/p>\n<p style=\"text-align: justify;\">\u00a0<\/p>\n<p style=\"text-align: justify;\">Ces r\u00e9sultats confirment l\u2019attractivit\u00e9 des grandes m\u00e9tropoles du Sud, et particuli\u00e8rement de Montpellier. <strong>Ville jeune, \u00e9tudiante et festive, elle offre un cadre propice aux rencontres et aux connexions spontan\u00e9es.<\/strong> Happn souligne d\u2019ailleurs que les crushs naissent majoritairement dans des lieux du quotidien : <strong>bars, restaurants, salles de sport, lieux culturels ou encore parcs.<\/strong><\/p>\n<p style=\"text-align: justify;\">L\u2019\u00e9tude s\u2019est aussi int\u00e9ress\u00e9e au facteur temps. Le mois d\u2019ao\u00fbt se distingue comme la p\u00e9riode la plus favorable aux rencontres, avec un pic d\u2019activit\u00e9 observ\u00e9 <strong>entre le 11 et le 17 ao\u00fbt. Le dimanche <\/strong>est le jour le plus actif sur l\u2019application, et <strong>20 heures constitue l\u2019heure de pointe id\u00e9ale pour swiper<\/strong>\u2026 ou croiser quelqu\u2019un au bon moment.<\/p>\n","protected":false},"excerpt":{"rendered":"Montpellier au top \u00a0 D\u2019apr\u00e8s la r\u00e9trospective annuelle de l\u2019application, bas\u00e9e sur la g\u00e9olocalisation et les interactions entre&hellip;\n","protected":false},"author":2,"featured_media":661134,"comment_status":"","ping_status":"","sticky":false,"template":"","format":"standard","meta":{"footnotes":""},"categories":[9599],"tags":[1111,11,44291,26028,7168,76255,76259,49397,6664,10182,1777,674,26544,1011,27,76257,76256,76258,3913,76261,76262,2208,12,2680,24545,10270,25,2923,76260],"class_list":{"0":"post-661133","1":"post","2":"type-post","3":"status-publish","4":"format-standard","5":"has-post-thumbnail","7":"category-montpellier","8":"tag-actu","9":"tag-actualites","10":"tag-application-de-rencontre","11":"tag-attractivite","12":"tag-bars","13":"tag-celibataires","14":"tag-connexions-spontanees","15":"tag-crush","16":"tag-dimanche","17":"tag-etudiante","18":"tag-eu","19":"tag-europe","20":"tag-festive","21":"tag-fr","22":"tag-france","23":"tag-geolocalisation","24":"tag-happn","25":"tag-interactions","26":"tag-jeune","27":"tag-lieux-culturels","28":"tag-mois-daout","29":"tag-montpellier","30":"tag-news","31":"tag-occitanie","32":"tag-parcs","33":"tag-rencontres","34":"tag-republique-francaise","35":"tag-restaurants","36":"tag-salles-de-sport"},"share_on_mastodon":{"url":"https:\/\/pubeurope.com\/@fr\/115889127208814973","error":""},"_links":{"self":[{"href":"https:\/\/www.europesays.com\/fr\/wp-json\/wp\/v2\/posts\/661133","targetHints":{"allow":["GET"]}}],"collection":[{"href":"https:\/\/www.europesays.com\/fr\/wp-json\/wp\/v2\/posts"}],"about":[{"href":"https:\/\/www.europesays.com\/fr\/wp-json\/wp\/v2\/types\/post"}],"author":[{"embeddable":true,"href":"https:\/\/www.europesays.com\/fr\/wp-json\/wp\/v2\/users\/2"}],"replies":[{"embeddable":true,"href":"https:\/\/www.europesays.com\/fr\/wp-json\/wp\/v2\/comments?post=661133"}],"version-history":[{"count":0,"href":"https:\/\/www.europesays.com\/fr\/wp-json\/wp\/v2\/posts\/661133\/revisions"}],"wp:featuredmedia":[{"embeddable":true,"href":"https:\/\/www.europesays.com\/fr\/wp-json\/wp\/v2\/media\/661134"}],"wp:attachment":[{"href":"https:\/\/www.europesays.com\/fr\/wp-json\/wp\/v2\/media?parent=661133"}],"wp:term":[{"taxonomy":"category","embeddable":true,"href":"https:\/\/www.europesays.com\/fr\/wp-json\/wp\/v2\/categories?post=661133"},{"taxonomy":"post_tag","embeddable":true,"href":"https:\/\/www.europesays.com\/fr\/wp-json\/wp\/v2\/tags?post=661133"}],"curies":[{"name":"wp","href":"https:\/\/api.w.org\/{rel}","templated":true}]}}