{"id":661135,"date":"2026-01-13T18:08:09","date_gmt":"2026-01-13T18:08:09","guid":{"rendered":"https:\/\/www.europesays.com\/fr\/661135\/"},"modified":"2026-01-13T18:08:09","modified_gmt":"2026-01-13T18:08:09","slug":"chemins-piste-cyclable-bancs-decouvrez-le-nouveau-visage-du-cours-clemenceau-a-rouen","status":"publish","type":"post","link":"https:\/\/www.europesays.com\/fr\/661135\/","title":{"rendered":"Chemins, piste cyclable, bancs&#8230; D\u00e9couvrez le nouveau visage du cours Clemenceau \u00e0 Rouen"},"content":{"rendered":"<p>                    Par<br \/>\n        <strong><br \/>\n            <a href=\"https:\/\/actu.fr\/auteur\/fmass\" title=\"Consulter tous les articles de Fabien Massin\" target=\"_blank\" rel=\"noopener\">Fabien Massin<\/a><br \/>\n                    <\/strong><\/p>\n<p>        Publi\u00e9 le<\/p>\n<p>            13 janv. 2026 \u00e0 18h46        <\/p>\n<p>Avec d\u2019autres, et notamment rive gauche, c\u2019est un des pans de <a href=\"https:\/\/actu.fr\/normandie\/rouen_76540\" target=\"_blank\" rel=\"noopener\">Rouen (Seine-Maritime)<\/a> dont <a href=\"https:\/\/actu.fr\/normandie\/rouen_76540\/immobilier-amenagements-nouveaux-transports-ces-pans-de-rouen-qui-ont-change-de-visage-en-2025_63630542.html\" target=\"_blank\" rel=\"noopener\">la physionomie a \u00e9volu\u00e9<\/a>, ces derniers mois : le <strong>cours Clemenceau et le bas de la rue Saint-Sever<\/strong>, entre la place des Emmur\u00e9es et la Seine.\u00a0\u00a0<\/p>\n<p class=\" wall-content\">\u00ab\u00a0Ces am\u00e9nagements sont en lien avec d\u2019autres r\u00e9alisations, la T5 \u00e9videmment, et \u00e0 plus long terme, la future gare rive gauche, explique <a href=\"https:\/\/actu.fr\/tag\/nicolas-mayer-rossignol\" target=\"_blank\" rel=\"noopener\">Nicolas Mayer-Rossignol<\/a>, maire et pr\u00e9sident de la M\u00e9tropole de Rouen, lors d\u2019une pr\u00e9sentation sur place, mardi 13 janvier 2026. Il s\u2019agit \u00e9galement d\u2019offrir une jonction entre les deux rives de la Seine <strong>\u2014 un axe qui va de la cath\u00e9drale \u00e0 l\u2019\u00e9glise Saint-Sever \u2014<\/strong> qui soit apais\u00e9e et renatur\u00e9e.\u00a0\u00bb<\/p>\n<p>Transats, p\u00e9tanque et piste cyclable<\/p>\n<p class=\" wall-content\">Co\u00fbt de l\u2019investissement : 1,8 million d\u2019euros pour le cours Clemenceau, 1,2 d\u2019euros pour la portion de la rue Saint-Sever. Sur le cours Clemenceau, on trouve d\u00e9sormais : des chemins pi\u00e9tons ; une piste cyclable qui se poursuit le long de la T5, boulevard d\u2019Orl\u00e9ans ;<strong> des bancs, tables et transats<\/strong> ; un terrain de p\u00e9tanque ; des lanterne fix\u00e9es sur des c\u00e2bles ; des abribus v\u00e9g\u00e9talis\u00e9s ; un totem en bois r\u00e9alis\u00e9 \u00e0 la tron\u00e7onneuse, <strong>quelques places de stationnement<\/strong> (\u00e9videment moins que dans l\u2019ancien parking sauvage), etc. Au passage, les r\u00e9seaux d\u2019eau (eau potable et assainissement) ont \u00e9t\u00e9 r\u00e9habilit\u00e9s.\u00a0<\/p>\n<p class=\" wall-content\">Rue Saint-Sever, <strong>une voie de circulation a \u00e9t\u00e9 supprim\u00e9e <\/strong>(dans la partie comprise entre le quai Jean-Moulin et le cours Clemenceau) ; une piste cyclable a \u00e9t\u00e9 am\u00e9nag\u00e9e ; des arbres ont \u00e9t\u00e9 plant\u00e9s ; des bancs ont \u00e9t\u00e9 install\u00e9s, etc.\u00a0<\/p>\n<p class=\" wall-content\"><strong>D\u00e9couvrez des photos des nouveaux am\u00e9nagements cours Clemenceau et rue Saint-Sever :\u00a0<\/strong><\/p>\n<p>Vid\u00e9os : en ce moment sur ActuSuivez l\u2019actualit\u00e9 de Rouen sur notre <a href=\"https:\/\/www.whatsapp.com\/channel\/0029VaKfnf99hXF2ddApFB1D\" target=\"_blank\" rel=\"noopener\">cha\u00eene WhatsApp<\/a> et sur notre <a href=\"https:\/\/www.tiktok.com\/@76actu.fr?lang=fr\" target=\"_blank\" rel=\"noopener\">compte TikTok<\/a><\/p>\n<p class=\" wall-content\">Personnalisez votre actualit\u00e9 en ajoutant vos villes et m\u00e9dias en favori avec <a href=\"https:\/\/moncompte.actu.fr\" title=\"D\u00e9couvez Mon Actu\" rel=\"nofollow noopener\" data-trk=\"{&quot;cta&quot;:{&quot;action&quot;:&quot;https:\\\/\\\/moncompte.actu.fr&quot;,&quot;category&quot;:&quot;mon compte&quot;,&quot;from&quot;:&quot;article footer&quot;,&quot;name&quot;:&quot;Mon actu&quot;,&quot;type&quot;:&quot;cta&quot;}}\" target=\"_blank\">Mon Actu<\/a>.<\/p>\n<p>                    <script async src=\"\/\/www.tiktok.com\/embed.js\"><\/script><\/p>\n","protected":false},"excerpt":{"rendered":"Par Fabien Massin Publi\u00e9 le 13 janv. 2026 \u00e0 18h46 Avec d\u2019autres, et notamment rive gauche, c\u2019est un&hellip;\n","protected":false},"author":2,"featured_media":661136,"comment_status":"","ping_status":"","sticky":false,"template":"","format":"standard","meta":{"footnotes":""},"categories":[9587],"tags":[1111,11,1777,674,1011,27,9725,12,5161,25,9590,58211,104,31790],"class_list":{"0":"post-661135","1":"post","2":"type-post","3":"status-publish","4":"format-standard","5":"has-post-thumbnail","7":"category-rouen","8":"tag-actu","9":"tag-actualites","10":"tag-eu","11":"tag-europe","12":"tag-fr","13":"tag-france","14":"tag-metropole-rouen","15":"tag-news","16":"tag-normandie","17":"tag-republique-francaise","18":"tag-rouen","19":"tag-saint-sever","20":"tag-societe","21":"tag-teor"},"share_on_mastodon":{"url":"https:\/\/pubeurope.com\/@fr\/115889131065834417","error":""},"_links":{"self":[{"href":"https:\/\/www.europesays.com\/fr\/wp-json\/wp\/v2\/posts\/661135","targetHints":{"allow":["GET"]}}],"collection":[{"href":"https:\/\/www.europesays.com\/fr\/wp-json\/wp\/v2\/posts"}],"about":[{"href":"https:\/\/www.europesays.com\/fr\/wp-json\/wp\/v2\/types\/post"}],"author":[{"embeddable":true,"href":"https:\/\/www.europesays.com\/fr\/wp-json\/wp\/v2\/users\/2"}],"replies":[{"embeddable":true,"href":"https:\/\/www.europesays.com\/fr\/wp-json\/wp\/v2\/comments?post=661135"}],"version-history":[{"count":0,"href":"https:\/\/www.europesays.com\/fr\/wp-json\/wp\/v2\/posts\/661135\/revisions"}],"wp:featuredmedia":[{"embeddable":true,"href":"https:\/\/www.europesays.com\/fr\/wp-json\/wp\/v2\/media\/661136"}],"wp:attachment":[{"href":"https:\/\/www.europesays.com\/fr\/wp-json\/wp\/v2\/media?parent=661135"}],"wp:term":[{"taxonomy":"category","embeddable":true,"href":"https:\/\/www.europesays.com\/fr\/wp-json\/wp\/v2\/categories?post=661135"},{"taxonomy":"post_tag","embeddable":true,"href":"https:\/\/www.europesays.com\/fr\/wp-json\/wp\/v2\/tags?post=661135"}],"curies":[{"name":"wp","href":"https:\/\/api.w.org\/{rel}","templated":true}]}}