{"id":661137,"date":"2026-01-13T18:09:10","date_gmt":"2026-01-13T18:09:10","guid":{"rendered":"https:\/\/www.europesays.com\/fr\/661137\/"},"modified":"2026-01-13T18:09:10","modified_gmt":"2026-01-13T18:09:10","slug":"seine-maritime-messmer-lhypnotiseur-star-de-la-television-attendu-a-rouen-le-28-janvier","status":"publish","type":"post","link":"https:\/\/www.europesays.com\/fr\/661137\/","title":{"rendered":"Seine-Maritime. Messmer, l&rsquo;hypnotiseur star de la t\u00e9l\u00e9vision, attendu \u00e0 Rouen le 28 janvier"},"content":{"rendered":"<p melodystyle=\"texte\" data-end=\"915\">A chacune de ses apparitions sur le petit \u00e9cran, Messmer intrigue autant qu&rsquo;il impressionne. Sur les plateaux t\u00e9l\u00e9, ses d\u00e9monstrations d&rsquo;hypnose, souvent spectaculaires, provoquent l&rsquo;\u00e9tonnement et les \u00e9clats de rire. Ces s\u00e9quences devenues virales, r\u00e9currentes dans les \u00e9missions \u00e0 succ\u00e8s de Arthur, ont largement contribu\u00e9 \u00e0 sa notori\u00e9t\u00e9 aupr\u00e8s du grand public.<\/p>\n<p>Un spectacle interactif et unique<\/p>\n<p melodystyle=\"texte\" data-end=\"1329\">A Rouen, le 28 janvier, Messmer proposera un spectacle nomm\u00e9 13 HZ m\u00ealant humour, psychologie et participation du public. Les volontaires, toujours consentants, se laissent guider dans des exp\u00e9riences surprenantes, sous le regard amus\u00e9 des spectateurs. Chaque repr\u00e9sentation est diff\u00e9rente, rythm\u00e9e par les r\u00e9actions du public.<\/p>\n<p melodystyle=\"texte\" data-end=\"1593\"><br data-end=\"1368\"\/>La tourn\u00e9e rencontre un franc succ\u00e8s et la date rouennaise ne fait pas exception. Le spectacle est presque complet, mais quelques billets sont encore disponibles pour ceux qui souhaitent vivre cette exp\u00e9rience hors du commun le 28 janvier \u00e0 20h au Zenith.<\/p>\n","protected":false},"excerpt":{"rendered":"A chacune de ses apparitions sur le petit \u00e9cran, Messmer intrigue autant qu&rsquo;il impressionne. Sur les plateaux t\u00e9l\u00e9,&hellip;\n","protected":false},"author":2,"featured_media":661138,"comment_status":"","ping_status":"","sticky":false,"template":"","format":"standard","meta":{"footnotes":""},"categories":[9587],"tags":[1111,11,1777,674,1011,27,12,5161,25,9590],"class_list":{"0":"post-661137","1":"post","2":"type-post","3":"status-publish","4":"format-standard","5":"has-post-thumbnail","7":"category-rouen","8":"tag-actu","9":"tag-actualites","10":"tag-eu","11":"tag-europe","12":"tag-fr","13":"tag-france","14":"tag-news","15":"tag-normandie","16":"tag-republique-francaise","17":"tag-rouen"},"share_on_mastodon":{"url":"https:\/\/pubeurope.com\/@fr\/115889134960510429","error":""},"_links":{"self":[{"href":"https:\/\/www.europesays.com\/fr\/wp-json\/wp\/v2\/posts\/661137","targetHints":{"allow":["GET"]}}],"collection":[{"href":"https:\/\/www.europesays.com\/fr\/wp-json\/wp\/v2\/posts"}],"about":[{"href":"https:\/\/www.europesays.com\/fr\/wp-json\/wp\/v2\/types\/post"}],"author":[{"embeddable":true,"href":"https:\/\/www.europesays.com\/fr\/wp-json\/wp\/v2\/users\/2"}],"replies":[{"embeddable":true,"href":"https:\/\/www.europesays.com\/fr\/wp-json\/wp\/v2\/comments?post=661137"}],"version-history":[{"count":0,"href":"https:\/\/www.europesays.com\/fr\/wp-json\/wp\/v2\/posts\/661137\/revisions"}],"wp:featuredmedia":[{"embeddable":true,"href":"https:\/\/www.europesays.com\/fr\/wp-json\/wp\/v2\/media\/661138"}],"wp:attachment":[{"href":"https:\/\/www.europesays.com\/fr\/wp-json\/wp\/v2\/media?parent=661137"}],"wp:term":[{"taxonomy":"category","embeddable":true,"href":"https:\/\/www.europesays.com\/fr\/wp-json\/wp\/v2\/categories?post=661137"},{"taxonomy":"post_tag","embeddable":true,"href":"https:\/\/www.europesays.com\/fr\/wp-json\/wp\/v2\/tags?post=661137"}],"curies":[{"name":"wp","href":"https:\/\/api.w.org\/{rel}","templated":true}]}}