{"id":661141,"date":"2026-01-13T18:11:16","date_gmt":"2026-01-13T18:11:16","guid":{"rendered":"https:\/\/www.europesays.com\/fr\/661141\/"},"modified":"2026-01-13T18:11:16","modified_gmt":"2026-01-13T18:11:16","slug":"allan-brunon-candidat-lfi-aux-municipales-a-grenoble-convoque-au-tribunal","status":"publish","type":"post","link":"https:\/\/www.europesays.com\/fr\/661141\/","title":{"rendered":"Allan Brunon, candidat LFI\u00a0aux municipales \u00e0 Grenoble,\u00a0convoqu\u00e9 au tribunal"},"content":{"rendered":"<p>Sur ses r\u00e9seaux sociaux, le candidat (LFI) \u00e0 la mairie de Grenoble <a href=\"https:\/\/www.ledauphine.com\/elections\/2025\/12\/07\/grenoble-un-local-et-de-premieres-mesures-pour-allan-brunon-tete-de-liste-lfi\" target=\"_blank\" rel=\"noopener\">Allan Brunon<\/a> annonce qu\u2019il est convoqu\u00e9 le 12\u00a0f\u00e9vrier prochain au tribunal correctionnel de Paris. Il est poursuivi par <a href=\"https:\/\/www.ledauphine.com\/p\/tiffany-joncour\" target=\"_blank\" rel=\"noopener\">Tiffany Joncour<\/a>, d\u00e9put\u00e9e RN de la 13\u00e8me circonscription du Rh\u00f4ne apr\u00e8s des propos tenus sur les r\u00e9seaux sociaux.<\/p>\n<p>\u00ab\u00a0J\u2019irai, dit-il, comme toutes les fois que j\u2019ai \u00e0 faire \u00e0 la justice sur des proc\u00e9dures baillons de l\u2019extr\u00eame droite au tribunal, la t\u00eate haute, sans baisser les yeux et en continuant d\u2019affirmer que ce parti a \u00e9t\u00e9 fond\u00e9 par des nazis, un parti raciste\u00a0\u00bb.<\/p>\n","protected":false},"excerpt":{"rendered":"Sur ses r\u00e9seaux sociaux, le candidat (LFI) \u00e0 la mairie de Grenoble Allan Brunon annonce qu\u2019il est convoqu\u00e9&hellip;\n","protected":false},"author":2,"featured_media":661142,"comment_status":"","ping_status":"","sticky":false,"template":"","format":"standard","meta":{"footnotes":""},"categories":[9566],"tags":[1111,11,2430,271,272,112,4188,1777,674,107,1011,27,2731,2732,108,12,316,25],"class_list":{"0":"post-661141","1":"post","2":"type-post","3":"status-publish","4":"format-standard","5":"has-post-thumbnail","7":"category-grenoble","8":"tag-actu","9":"tag-actualites","10":"tag-auvergne-rhone-alpes","11":"tag-crime","12":"tag-delit-et-contravention","13":"tag-edition-grenoble-agglomeration","14":"tag-elections-municipales","15":"tag-eu","16":"tag-europe","17":"tag-fil-info","18":"tag-fr","19":"tag-france","20":"tag-grenoble","21":"tag-grenoble-bassin","22":"tag-isere","23":"tag-news","24":"tag-politique","25":"tag-republique-francaise"},"share_on_mastodon":{"url":"https:\/\/pubeurope.com\/@fr\/115889142892584989","error":""},"_links":{"self":[{"href":"https:\/\/www.europesays.com\/fr\/wp-json\/wp\/v2\/posts\/661141","targetHints":{"allow":["GET"]}}],"collection":[{"href":"https:\/\/www.europesays.com\/fr\/wp-json\/wp\/v2\/posts"}],"about":[{"href":"https:\/\/www.europesays.com\/fr\/wp-json\/wp\/v2\/types\/post"}],"author":[{"embeddable":true,"href":"https:\/\/www.europesays.com\/fr\/wp-json\/wp\/v2\/users\/2"}],"replies":[{"embeddable":true,"href":"https:\/\/www.europesays.com\/fr\/wp-json\/wp\/v2\/comments?post=661141"}],"version-history":[{"count":0,"href":"https:\/\/www.europesays.com\/fr\/wp-json\/wp\/v2\/posts\/661141\/revisions"}],"wp:featuredmedia":[{"embeddable":true,"href":"https:\/\/www.europesays.com\/fr\/wp-json\/wp\/v2\/media\/661142"}],"wp:attachment":[{"href":"https:\/\/www.europesays.com\/fr\/wp-json\/wp\/v2\/media?parent=661141"}],"wp:term":[{"taxonomy":"category","embeddable":true,"href":"https:\/\/www.europesays.com\/fr\/wp-json\/wp\/v2\/categories?post=661141"},{"taxonomy":"post_tag","embeddable":true,"href":"https:\/\/www.europesays.com\/fr\/wp-json\/wp\/v2\/tags?post=661141"}],"curies":[{"name":"wp","href":"https:\/\/api.w.org\/{rel}","templated":true}]}}