{"id":661149,"date":"2026-01-13T18:15:13","date_gmt":"2026-01-13T18:15:13","guid":{"rendered":"https:\/\/www.europesays.com\/fr\/661149\/"},"modified":"2026-01-13T18:15:13","modified_gmt":"2026-01-13T18:15:13","slug":"un-ancien-gouverneur-militaire-de-strasbourg-a-la-tete-du-gicat","status":"publish","type":"post","link":"https:\/\/www.europesays.com\/fr\/661149\/","title":{"rendered":"un ancien gouverneur militaire de Strasbourg \u00e0 la t\u00eate du GICAT"},"content":{"rendered":"<p>Le conseil d\u2019administration du Groupement des industries fran\u00e7aises de D\u00e9fense et de S\u00e9curit\u00e9 terrestres et a\u00e9roterrestres (GICAT), qui regroupe 490 adh\u00e9rents (dont 80 % de PME), a d\u00e9cid\u00e9 de retenir la candidature du g\u00e9n\u00e9ral de corps d\u2019arm\u00e9e Marc Ollier pour occuper les fonctions de d\u00e9l\u00e9gu\u00e9 g\u00e9n\u00e9ral. Il succ\u00e9dera au g\u00e9n\u00e9ral de corps d\u2019arm\u00e9e Duquesne en juillet prochain. D\u2019ici-l\u00e0, il occupera le poste de d\u00e9l\u00e9gu\u00e9 g\u00e9n\u00e9ral adjoint.<\/p>\n<p>Ing\u00e9nieur de formation, ce saint-cyrien, qui a termin\u00e9 sa carri\u00e8re \u00e0 l\u2019inspection g\u00e9n\u00e9rale des arm\u00e9es, aura pour mission, selon <a href=\"https:\/\/gicat.com\/\" target=\"_blank\" rel=\"noopener\">le GICAT,<\/a> d\u2019accompagner \u00ab le d\u00e9veloppement, la comp\u00e9titivit\u00e9 et le rayonnement de la fili\u00e8re fran\u00e7aise de d\u00e9fense et de s\u00e9curit\u00e9 terrestres et a\u00e9roterrestres \u00bb. Plusieurs entreprises alsaciennes sont membres du GICAT dont Soframe, filiale de Lohr, CEFA, Armtek ou encore MBS industry.<\/p>\n","protected":false},"excerpt":{"rendered":"Le conseil d\u2019administration du Groupement des industries fran\u00e7aises de D\u00e9fense et de S\u00e9curit\u00e9 terrestres et a\u00e9roterrestres (GICAT), qui&hellip;\n","protected":false},"author":2,"featured_media":661150,"comment_status":"","ping_status":"","sticky":false,"template":"","format":"standard","meta":{"footnotes":""},"categories":[2820],"tags":[1111,11,2389,3206,1777,674,107,1011,27,775,12,25,640],"class_list":{"0":"post-661149","1":"post","2":"type-post","3":"status-publish","4":"format-standard","5":"has-post-thumbnail","7":"category-strasbourg","8":"tag-actu","9":"tag-actualites","10":"tag-alsace","11":"tag-defense-guerre-conflit","12":"tag-eu","13":"tag-europe","14":"tag-fil-info","15":"tag-fr","16":"tag-france","17":"tag-grand-est","18":"tag-news","19":"tag-republique-francaise","20":"tag-strasbourg"},"share_on_mastodon":{"url":"https:\/\/pubeurope.com\/@fr\/115889158604047669","error":""},"_links":{"self":[{"href":"https:\/\/www.europesays.com\/fr\/wp-json\/wp\/v2\/posts\/661149","targetHints":{"allow":["GET"]}}],"collection":[{"href":"https:\/\/www.europesays.com\/fr\/wp-json\/wp\/v2\/posts"}],"about":[{"href":"https:\/\/www.europesays.com\/fr\/wp-json\/wp\/v2\/types\/post"}],"author":[{"embeddable":true,"href":"https:\/\/www.europesays.com\/fr\/wp-json\/wp\/v2\/users\/2"}],"replies":[{"embeddable":true,"href":"https:\/\/www.europesays.com\/fr\/wp-json\/wp\/v2\/comments?post=661149"}],"version-history":[{"count":0,"href":"https:\/\/www.europesays.com\/fr\/wp-json\/wp\/v2\/posts\/661149\/revisions"}],"wp:featuredmedia":[{"embeddable":true,"href":"https:\/\/www.europesays.com\/fr\/wp-json\/wp\/v2\/media\/661150"}],"wp:attachment":[{"href":"https:\/\/www.europesays.com\/fr\/wp-json\/wp\/v2\/media?parent=661149"}],"wp:term":[{"taxonomy":"category","embeddable":true,"href":"https:\/\/www.europesays.com\/fr\/wp-json\/wp\/v2\/categories?post=661149"},{"taxonomy":"post_tag","embeddable":true,"href":"https:\/\/www.europesays.com\/fr\/wp-json\/wp\/v2\/tags?post=661149"}],"curies":[{"name":"wp","href":"https:\/\/api.w.org\/{rel}","templated":true}]}}