{"id":661169,"date":"2026-01-13T18:25:13","date_gmt":"2026-01-13T18:25:13","guid":{"rendered":"https:\/\/www.europesays.com\/fr\/661169\/"},"modified":"2026-01-13T18:25:13","modified_gmt":"2026-01-13T18:25:13","slug":"larbitre-designe-les-parisiens-deja-scandalises","status":"publish","type":"post","link":"https:\/\/www.europesays.com\/fr\/661169\/","title":{"rendered":"L&rsquo;arbitre d\u00e9sign\u00e9, les Parisiens d\u00e9j\u00e0 scandalis\u00e9s"},"content":{"rendered":"<p><b>Ce vendredi 16 janvier, le Paris Saint-Germain re\u00e7oit le <a href=\"https:\/\/www.foot01.com\/lille\" title=\"LOSC\" target=\"_blank\" rel=\"noopener\">LOSC<\/a> dans le cadre de la 18e journ\u00e9e de <a href=\"https:\/\/www.foot01.com\/ligue1\" title=\"Ligue 1\" target=\"_blank\" rel=\"noopener\">Ligue 1<\/a>. Pour l&rsquo;occasion, la FFF a d\u00e9sign\u00e9 J\u00e9r\u00f4me Brisard pour arbitrer la rencontre. Un choix qui fait parler dans la sph\u00e8re parisienne.<\/b>Le <a href=\"https:\/\/www.foot01.com\/paris\" target=\"_self\" rel=\"noopener\">Paris Saint-Germain<\/a> a trembl\u00e9 hier lundi soir face au Paris FC. Dans le cadre des 16es de finale de la Coupe de France, le double tenant du titre, qui avait tout gagn\u00e9 sur la sc\u00e8ne nationale depuis l&rsquo;arriv\u00e9e de Luis Enrique, s&rsquo;est finalement fait \u00e9liminer au terme d&rsquo;un match pourtant largement domin\u00e9. Malgr\u00e9 tout, les Rouge et Bleus doivent rapidement passer \u00e0 autre chose puisqu&rsquo;ils retrouvent la <a href=\"https:\/\/www.foot01.com\/ligue1\" title=\"Ligue 1\" target=\"_blank\" rel=\"noopener\">Ligue 1<\/a> ce vendredi 16 janvier \u00e0 21h00.Pour la troisi\u00e8me fois cons\u00e9cutive, le PSG re\u00e7oit son adversaire au Parc des Princes et cette fois, c&rsquo;est le <a href=\"https:\/\/www.foot01.com\/lille\" title=\"LOSC\" target=\"_blank\" rel=\"noopener\">LOSC<\/a> qui doit venir se frotter \u00e0 des Parisiens revanchards. Pour cette rencontre particuli\u00e8re entre les deux formations, la FFF a choisi d&rsquo;attribuer la tenue de ce match \u00e0 J\u00e9r\u00f4me Brisard, lequel officiera en tant qu&rsquo;arbitre principal. Une d\u00e9cision qui scandalise les supporters parisiens.<img decoding=\"async\" class=\"w-6 h-6\" src=\"https:\/\/www.europesays.com\/fr\/wp-content\/uploads\/2026\/01\/301.png\" alt=\"\"\/>Ligue 116 janvier 2026 \u00e0 21:00J\u00e9r\u00f4me Brisard d\u00e9sign\u00e9, \u00e7a choque les fans du PSG<\/p>\n<p>La d\u00e9cision de confier ce PSG-Lille \u00e0 J\u00e9r\u00f4me Brisard a de quoi agacer les supporters du Paris Saint-Germain. Et on peut les comprendre : la seule rencontre impliquant le club francilien qu&rsquo;il a arbitr\u00e9e cette saison \u00e9tait le Classique au V\u00e9lodrome qui s&rsquo;est sold\u00e9 par une d\u00e9faite parisienne. Sur X, les fans n&rsquo;ont pas manqu\u00e9 de faire savoir leur m\u00e9contentement. \u00ab On nous en veut \u00bb, \u00ab Ils veulent donner le troph\u00e9e \u00e0 Lens, \u00e7a se voit \u00bb, \u00ab Ils font tout pour faire tomber le PSG ! Ce mec fait un match minable \u00e0 l&rsquo;aller entre l&rsquo;OM et le PSG, et c&rsquo;est encore \u00e0 lui qu&rsquo;on confie un match d&rsquo;une telle intensit\u00e9 ! Mais o\u00f9 sont pass\u00e9s nos 2 meilleurs arbitres mondiaux Letexier et Turpin ? C&rsquo;est une blague \u00bb, ou encore \u00ab Bye bye le championnat, second objectif \u00bb, peut-on lire en substances sur X par des internautes inquiets pour leur \u00e9quipe.<\/p>\n<p>Au total dans son historique d&rsquo;arbitre, J\u00e9r\u00f4me Brisard a arbitr\u00e9 25 matchs du Paris Saint-Germain, pour un bilan de 17 victoires, 3 nuls et 5 d\u00e9faites, avec 4 cartons rouges distribu\u00e9s.<\/p>\n","protected":false},"excerpt":{"rendered":"Ce vendredi 16 janvier, le Paris Saint-Germain re\u00e7oit le LOSC dans le cadre de la 18e journ\u00e9e de&hellip;\n","protected":false},"author":2,"featured_media":661170,"comment_status":"","ping_status":"","sticky":false,"template":"","format":"standard","meta":{"footnotes":""},"categories":[2815],"tags":[1111,11,1777,674,1011,27,811,66,1307,2267,12,93,25],"class_list":{"0":"post-661169","1":"post","2":"type-post","3":"status-publish","4":"format-standard","5":"has-post-thumbnail","7":"category-lille","8":"tag-actu","9":"tag-actualites","10":"tag-eu","11":"tag-europe","12":"tag-fr","13":"tag-france","14":"tag-hauts-de-france","15":"tag-ligue-1","16":"tag-lille","17":"tag-losc","18":"tag-news","19":"tag-psg","20":"tag-republique-francaise"},"share_on_mastodon":{"url":"https:\/\/pubeurope.com\/@fr\/115889198018660021","error":""},"_links":{"self":[{"href":"https:\/\/www.europesays.com\/fr\/wp-json\/wp\/v2\/posts\/661169","targetHints":{"allow":["GET"]}}],"collection":[{"href":"https:\/\/www.europesays.com\/fr\/wp-json\/wp\/v2\/posts"}],"about":[{"href":"https:\/\/www.europesays.com\/fr\/wp-json\/wp\/v2\/types\/post"}],"author":[{"embeddable":true,"href":"https:\/\/www.europesays.com\/fr\/wp-json\/wp\/v2\/users\/2"}],"replies":[{"embeddable":true,"href":"https:\/\/www.europesays.com\/fr\/wp-json\/wp\/v2\/comments?post=661169"}],"version-history":[{"count":0,"href":"https:\/\/www.europesays.com\/fr\/wp-json\/wp\/v2\/posts\/661169\/revisions"}],"wp:featuredmedia":[{"embeddable":true,"href":"https:\/\/www.europesays.com\/fr\/wp-json\/wp\/v2\/media\/661170"}],"wp:attachment":[{"href":"https:\/\/www.europesays.com\/fr\/wp-json\/wp\/v2\/media?parent=661169"}],"wp:term":[{"taxonomy":"category","embeddable":true,"href":"https:\/\/www.europesays.com\/fr\/wp-json\/wp\/v2\/categories?post=661169"},{"taxonomy":"post_tag","embeddable":true,"href":"https:\/\/www.europesays.com\/fr\/wp-json\/wp\/v2\/tags?post=661169"}],"curies":[{"name":"wp","href":"https:\/\/api.w.org\/{rel}","templated":true}]}}