{"id":66117,"date":"2025-05-01T05:08:08","date_gmt":"2025-05-01T05:08:08","guid":{"rendered":"https:\/\/www.europesays.com\/fr\/66117\/"},"modified":"2025-05-01T05:08:08","modified_gmt":"2025-05-01T05:08:08","slug":"la-delinquance-explose-t-elle-vraiment-a-bordeaux","status":"publish","type":"post","link":"https:\/\/www.europesays.com\/fr\/66117\/","title":{"rendered":"la d\u00e9linquance explose-t-elle vraiment \u00e0 Bordeaux\u00a0?"},"content":{"rendered":"<p>            Par<br \/>\n        <strong><br \/>\n            <a href=\"https:\/\/actu.fr\/auteur\/anaelle-montagne\" title=\"Consulter tous les articles de Anaelle Montagne\" target=\"_blank\" rel=\"noopener\">Anaelle Montagne<\/a><br \/>\n        <\/strong><\/p>\n<p>        Publi\u00e9 le<\/p>\n<p>            1 mai 2025 \u00e0 6h32        <\/p>\n<p>Les <strong>crimes et d\u00e9lits<\/strong>, qui \u00e9taient en hausse depuis plusieurs ann\u00e9es \u00e0 Bordeaux, semblent se <strong>stabiliser<\/strong>. C\u2019est en tout cas la tendance qui se dessine, d\u2019apr\u00e8s derniers chiffres du minist\u00e8re de l\u2019Int\u00e9rieur sur l\u2019ann\u00e9e 2024. Mais le sentiment d\u2019ins\u00e9curit\u00e9 des Bordelais ne se dissipe pas. Et pour cause : les ann\u00e9es pr\u00e9c\u00e9dentes, la Belle endormie a <strong>rattrap\u00e9 les autres m\u00e9tropoles en mati\u00e8re d\u2019ins\u00e9curit\u00e9<\/strong>. Une situation sur laquelle la mairie \u00e9colo planche\u2026 insuffisamment, selon la droite.<\/p>\n<p>\u00ab\u00a0Refaire de Bordeaux une ville forte\u00a0\u00bb<\/p>\n<p class=\" wall-content\">\u00ab\u00a0Les Bordelais se sentent en ins\u00e9curit\u00e9 et nous devrions nous concentrer \u00e0<strong> refaire de Bordeaux une ville forte<\/strong>, dans laquelle ne se rajoute pas \u00e0 l\u2019ins\u00e9curit\u00e9 mondiale, l\u2019ins\u00e9curit\u00e9 du quotidien\u00a0\u00bb, soutenait Alexandra Siarri, \u00e9lue du groupe d\u2019opposition Bordeaux Ensemble, lors du dernier conseil municipal.<\/p>\n<p class=\" wall-content\">Les chiffres du service statistiques du minist\u00e8re de l\u2019Int\u00e9rieur vont dans son sens, jusqu\u2019en 2023 : la d\u00e9linquance a <strong>augment\u00e9<\/strong> d\u2019environ 25% entre 2016 et 2019 dans la capitale girondine. Elle a connu une nouvelle hausse de 9%, plus l\u00e9g\u00e8re donc, entre 2019 et 2023.\u00a0<\/p>\n<p class=\" wall-content\">En cause ? <strong>\u00ab\u00a0On a observ\u00e9 une augmentation des flux\u00a0\u00bb<\/strong>, notamment par la LGV et les programmes immobiliers d\u00e9velopp\u00e9s par Alain Jupp\u00e9 sur la fin de son mandat, \u00ab\u00a0et<strong> cela implique une hausse des ph\u00e9nom\u00e8nes de d\u00e9linquance<\/strong> dans les m\u00e9tropoles\u00a0\u00bb, indique Marc Etcheverry, adjoint au maire en charge de la s\u00e9curit\u00e9.\u00a0<\/p>\n<p class=\" wall-content\">Sans oublier l<strong>\u2018augmentation de la pr\u00e9carit\u00e9<\/strong> et des <strong>pathologies mentales<\/strong> en France : l\u2019\u00c9tat \u00ab\u00a0ne met pas assez de moyens pour accueillir, h\u00e9berger et soigner les personnes en difficult\u00e9, ce qui se traduit par <strong>des difficult\u00e9s qu\u2019on doit g\u00e9rer dans nos rues<\/strong>, sur la voie publique\u00a0\u00bb, soutient l\u2019adjoint au maire.<\/p>\n<p>Bordeaux \u00ab\u00a0se banalise\u00a0\u00bb en termes de d\u00e9linquance<\/p>\n<p class=\" wall-content\">L\u2019augmentation de la d\u00e9linquance entre 2016 et 2023 est un signe \u00e9vident que Bordeaux, autrefois la Belle endormie, a <strong>rattrap\u00e9 son retard<\/strong> en mati\u00e8re d\u2019ins\u00e9curit\u00e9 par rapport aux autres grandes m\u00e9tropoles.\u00a0<\/p>\n<p class=\" wall-content\">Suite \u00e0 l\u2019attaque au couteau sur le miroir d\u2019eau, <a href=\"https:\/\/actu.fr\/nouvelle-aquitaine\/bordeaux_33063\/apres-l-attaque-au-couteau-a-bordeaux-pierre-hurmic-reconnait-une-violence-tres-preoccupante_60935659.html\" target=\"_blank\" rel=\"noopener\">Pierre Hurmic s\u2019\u00e9tait exprim\u00e9 \u00e0 ce propos<\/a> : \u00ab\u00a0Bordeaux se banalise : apr\u00e8s avoir \u00e9t\u00e9 relativement \u00e9pargn\u00e9e pendant tr\u00e8s longtemps, on rejoint les plus grandes villes de France dans lesquelles il y a une violence tr\u00e8s pr\u00e9occupante.\u00a0\u00bb<\/p>\n<p class=\" wall-content\">En effet, d\u2019apr\u00e8s le classement du Figaro, Bordeaux se place <strong>dans le top 10 des villes les plus touch\u00e9es par de nombreux d\u00e9lits<\/strong> (cambriolages, escroqueries, vols violents avec et sans arme, vols sans violence contre les personnes, vols dans les v\u00e9hicules et d\u00e9gradations volontaires).\u00a0<\/p>\n<p class=\" wall-content\">Peu apr\u00e8s sa prise de fonction d\u00e9but 2025, le procureur Renaud Gaudel confirmait cet effet de \u00ab\u00a0normalisation\u00a0\u00bb. Il relatait toutefois que Bordeaux reste<strong> plus calme que d\u2019autres grandes villes<\/strong>, comme Toulouse ou Nantes (o\u00f9 il exer\u00e7ait pr\u00e9c\u00e9demment ses fonctions), plus touch\u00e9es par la <strong>grande d\u00e9linquance<\/strong>.<\/p>\n<p>Bordeaux devient-elle Chicago ?<\/p>\n<p class=\" wall-content\">\u00ab\u00a0Non, Bordeaux, ce n\u2019est pas Chicago\u00a0\u00bb, tranche de son c\u00f4t\u00e9 l\u2019adjoint en charge de la s\u00e9curit\u00e9 en r\u00e9f\u00e9rence \u00e0 un r\u00e9cent article du <a href=\"https:\/\/www.leparisien.fr\/faits-divers\/insecurite-a-bordeaux-la-belle-endormie-sest-elle-reveillee-facon-chicago-15-04-2025-RNOQ2K4WGRA4JOBPDOHTK5U7OM.php\" target=\"_blank\" rel=\"noopener\">Parisien<\/a>. Il rappelle l\u2019investissement de la mairie en mati\u00e8re de s\u00e9curit\u00e9, insistant sur le fait que <strong>sa pr\u00e9vention et sa gestion s\u2019am\u00e9liorent<\/strong> depuis l\u2019arriv\u00e9e de <a href=\"https:\/\/actu.fr\/tag\/pierre-hurmic\" target=\"_blank\" rel=\"noopener\">Pierre Hurmic<\/a>.<\/p>\n<p class=\" wall-content\">Les chiffres du minist\u00e8re de l\u2019Int\u00e9rieur de 2024 indiquent en effet que <strong>la d\u00e9linquance se stabilise<\/strong> en ce qui concerne plusieurs types de d\u00e9lits : compar\u00e9 \u00e0 2023, le nombre de <strong>cambriolages<\/strong> a baiss\u00e9 de 0,74%, tout comme le nombre <strong>d\u2019escroqueries<\/strong> (-0,54%), les violences sexuelles et intrafamiliales (-0,23% pour chaque), et les vols dans les v\u00e9hicules (-1,39%).<\/p>\n<p class=\" wall-content\">Attention, cependant. <strong>L\u2019usage de stup\u00e9fiants<\/strong> a augment\u00e9 de 0,43%, les vols violents sans arme de 0,26%, m\u00eame si Bordeaux reste loin derri\u00e8re les autres grandes m\u00e9tropoles sur ce type de d\u00e9lit. Les chiffres du trafic de stup\u00e9fiants et ceux des vols avec arme, eux, n\u2019ont quasiment pas \u00e9volu\u00e9.\u00a0<\/p>\n<p>Le budget en mati\u00e8re de s\u00e9curit\u00e9 questionn\u00e9<\/p>\n<p class=\" wall-content\">Dans une longue analyse de ces donn\u00e9es, le groupe d\u2019opposition Renouveau Bordeaux men\u00e9 par <a href=\"https:\/\/actu.fr\/nouvelle-aquitaine\/bordeaux_33063\/il-ne-respecte-pas-la-periode-de-decence-thomas-cazenave-braque-le-camp-de-nicolas-florian-en-plein-deuil_62271602.html\" target=\"_blank\" rel=\"noopener\">Thomas Cazenave<\/a> <strong>fustige la gestion de la s\u00e9curit\u00e9 par la mairie<\/strong>. Il d\u00e9plore notamment le <strong>budget<\/strong> de Bordeaux en la mati\u00e8re : 39 euros par habitant, tandis qu\u2019en moyenne, les autres grandes villes investissent 72 euros par habitant.<\/p>\n<p class=\" wall-content\">Thomas Cazenave propose donc d\u2019investir 15 \u00e0 20 millions d\u2019euros du budget annuel de la ville dans la gestion de la s\u00e9curit\u00e9. Pour rappel, le budget global de Bordeaux \u00e9tait de 619 millions d\u2019euros en 2024.<\/p>\n<p class=\" wall-content\">La mairie, elle, insiste sur la viabilit\u00e9 de sa strat\u00e9gie en mati\u00e8re de s\u00e9curit\u00e9. Pour rappel, le premier \u00e9dile a r\u00e9cemment annonc\u00e9 la cr\u00e9ation d\u2019une <a href=\"https:\/\/actu.fr\/nouvelle-aquitaine\/bordeaux_33063\/police-municipale-a-bordeaux-pierre-hurmic-cree-une-brigade-speciale-dotee-d-armes-letales_61851970.html\" target=\"_blank\" rel=\"noopener\">brigade de police municipale \u00e9quip\u00e9e d\u2019armes l\u00e9tales<\/a>, qui devrait arpenter les rues de la ville d\u00e8s la mi-juillet. Marc Etcheverry continue de r\u00e9clamer <strong>davantage de moyens<\/strong> de la part des services de l\u2019\u00c9tat.\u00a0<\/p>\n<p class=\" wall-content\">Suivez toute l\u2019actualit\u00e9 de vos villes et m\u00e9dias favoris en vous inscrivant \u00e0 <a href=\"https:\/\/moncompte.actu.fr\" title=\"D\u00e9couvez Mon Actu\" rel=\"nofollow noopener\" data-trk=\"{&quot;cta&quot;:{&quot;action&quot;:&quot;https:\\\/\\\/moncompte.actu.fr&quot;,&quot;category&quot;:&quot;mon compte&quot;,&quot;from&quot;:&quot;article footer&quot;,&quot;name&quot;:&quot;Mon actu&quot;,&quot;type&quot;:&quot;cta&quot;}}\" target=\"_blank\">Mon Actu<\/a>.<\/p>\n","protected":false},"excerpt":{"rendered":"Par Anaelle Montagne Publi\u00e9 le 1 mai 2025 \u00e0 6h32 Les crimes et d\u00e9lits, qui \u00e9taient en hausse&hellip;\n","protected":false},"author":2,"featured_media":66118,"comment_status":"","ping_status":"","sticky":false,"template":"","format":"standard","meta":{"footnotes":""},"categories":[2817],"tags":[1111,11,1997,1777,674,1011,27,2825,12,2219,25,104],"class_list":{"0":"post-66117","1":"post","2":"type-post","3":"status-publish","4":"format-standard","5":"has-post-thumbnail","7":"category-bordeaux","8":"tag-actu","9":"tag-actualites","10":"tag-bordeaux","11":"tag-eu","12":"tag-europe","13":"tag-fr","14":"tag-france","15":"tag-insecurite","16":"tag-news","17":"tag-nouvelle-aquitaine","18":"tag-republique-francaise","19":"tag-societe"},"share_on_mastodon":{"url":"https:\/\/pubeurope.com\/@fr\/114430850103789899","error":""},"_links":{"self":[{"href":"https:\/\/www.europesays.com\/fr\/wp-json\/wp\/v2\/posts\/66117","targetHints":{"allow":["GET"]}}],"collection":[{"href":"https:\/\/www.europesays.com\/fr\/wp-json\/wp\/v2\/posts"}],"about":[{"href":"https:\/\/www.europesays.com\/fr\/wp-json\/wp\/v2\/types\/post"}],"author":[{"embeddable":true,"href":"https:\/\/www.europesays.com\/fr\/wp-json\/wp\/v2\/users\/2"}],"replies":[{"embeddable":true,"href":"https:\/\/www.europesays.com\/fr\/wp-json\/wp\/v2\/comments?post=66117"}],"version-history":[{"count":0,"href":"https:\/\/www.europesays.com\/fr\/wp-json\/wp\/v2\/posts\/66117\/revisions"}],"wp:featuredmedia":[{"embeddable":true,"href":"https:\/\/www.europesays.com\/fr\/wp-json\/wp\/v2\/media\/66118"}],"wp:attachment":[{"href":"https:\/\/www.europesays.com\/fr\/wp-json\/wp\/v2\/media?parent=66117"}],"wp:term":[{"taxonomy":"category","embeddable":true,"href":"https:\/\/www.europesays.com\/fr\/wp-json\/wp\/v2\/categories?post=66117"},{"taxonomy":"post_tag","embeddable":true,"href":"https:\/\/www.europesays.com\/fr\/wp-json\/wp\/v2\/tags?post=66117"}],"curies":[{"name":"wp","href":"https:\/\/api.w.org\/{rel}","templated":true}]}}