{"id":661175,"date":"2026-01-13T18:28:11","date_gmt":"2026-01-13T18:28:11","guid":{"rendered":"https:\/\/www.europesays.com\/fr\/661175\/"},"modified":"2026-01-13T18:28:11","modified_gmt":"2026-01-13T18:28:11","slug":"bourgoin-jallieu-un-concert-choregraphique-le-mercredi-21-janvier","status":"publish","type":"post","link":"https:\/\/www.europesays.com\/fr\/661175\/","title":{"rendered":"Bourgoin-Jallieu. Un concert chor\u00e9graphique le mercredi 21\u00a0janvier"},"content":{"rendered":"<p>La Vouivre et Percussions claviers de Lyon sont deux compagnies bien connues des Berjalliens. Elles se r\u00e9unissent pour un concert chor\u00e9graphique\u00a0: Printemps , une cr\u00e9ation de 2023. Un titre plein de promesses, qui, \u00e0 travers une suite de tableaux inspir\u00e9s d\u2019images symboliques sur le th\u00e8me de la mort et de la renaissance, propose de cr\u00e9er \u00e0 partir du n\u00e9ant. Cinq percussionnistes et quatre danseurs choisissent l\u2019espoir, le renouveau et les c\u00e9l\u00e8brent, en m\u00ealant danse et musique, sur des partitions po\u00e9tiques, humoristiques, pour parler de la vie, de l\u2019amour, de la mort, de la crise sociale et croire au sursaut optimiste et salvateur. Rendez-vous le mercredi 21\u00a0janvier.<\/p>\n<p class=\"note\">Mercredi 21\u00a0janvier \u00e0 20\u00a0h\u00a030, \u00e0 la salle polyvalente. Tarifs\u00a0: de 10 \u00e0 20\u00a0\u20ac. R\u00e9servations\u00a0sur theatre.bourgoinjallieu.fr ou au 04\u00a074\u00a028\u00a005\u00a073.<\/p>\n","protected":false},"excerpt":{"rendered":"La Vouivre et Percussions claviers de Lyon sont deux compagnies bien connues des Berjalliens. Elles se r\u00e9unissent pour&hellip;\n","protected":false},"author":2,"featured_media":661176,"comment_status":"","ping_status":"","sticky":false,"template":"","format":"standard","meta":{"footnotes":""},"categories":[1889],"tags":[1111,11,2430,12919,13047,1687,115,1777,674,1011,27,2428,12,25,3140],"class_list":{"0":"post-661175","1":"post","2":"type-post","3":"status-publish","4":"format-standard","5":"has-post-thumbnail","7":"category-lyon","8":"tag-actu","9":"tag-actualites","10":"tag-auvergne-rhone-alpes","11":"tag-bourgoin-jallieu","12":"tag-bourgoin-jallieu-bassin","13":"tag-culture-loisirs","14":"tag-edition-bourgoin-jallieu-nord-dauphine","15":"tag-eu","16":"tag-europe","17":"tag-fr","18":"tag-france","19":"tag-lyon","20":"tag-news","21":"tag-republique-francaise","22":"tag-spectacle"},"share_on_mastodon":{"url":"https:\/\/pubeurope.com\/@fr\/115889209726505552","error":""},"_links":{"self":[{"href":"https:\/\/www.europesays.com\/fr\/wp-json\/wp\/v2\/posts\/661175","targetHints":{"allow":["GET"]}}],"collection":[{"href":"https:\/\/www.europesays.com\/fr\/wp-json\/wp\/v2\/posts"}],"about":[{"href":"https:\/\/www.europesays.com\/fr\/wp-json\/wp\/v2\/types\/post"}],"author":[{"embeddable":true,"href":"https:\/\/www.europesays.com\/fr\/wp-json\/wp\/v2\/users\/2"}],"replies":[{"embeddable":true,"href":"https:\/\/www.europesays.com\/fr\/wp-json\/wp\/v2\/comments?post=661175"}],"version-history":[{"count":0,"href":"https:\/\/www.europesays.com\/fr\/wp-json\/wp\/v2\/posts\/661175\/revisions"}],"wp:featuredmedia":[{"embeddable":true,"href":"https:\/\/www.europesays.com\/fr\/wp-json\/wp\/v2\/media\/661176"}],"wp:attachment":[{"href":"https:\/\/www.europesays.com\/fr\/wp-json\/wp\/v2\/media?parent=661175"}],"wp:term":[{"taxonomy":"category","embeddable":true,"href":"https:\/\/www.europesays.com\/fr\/wp-json\/wp\/v2\/categories?post=661175"},{"taxonomy":"post_tag","embeddable":true,"href":"https:\/\/www.europesays.com\/fr\/wp-json\/wp\/v2\/tags?post=661175"}],"curies":[{"name":"wp","href":"https:\/\/api.w.org\/{rel}","templated":true}]}}