{"id":661177,"date":"2026-01-13T18:29:13","date_gmt":"2026-01-13T18:29:13","guid":{"rendered":"https:\/\/www.europesays.com\/fr\/661177\/"},"modified":"2026-01-13T18:29:13","modified_gmt":"2026-01-13T18:29:13","slug":"lyon-6e-sessile-sur-scene-ce-dimanche-avec-en-pause-son-nouveau-one-woman-show","status":"publish","type":"post","link":"https:\/\/www.europesays.com\/fr\/661177\/","title":{"rendered":"Lyon 6e. S\u00e9ssile sur sc\u00e8ne ce dimanche, avec En pause, son\u00a0nouveau one woman show"},"content":{"rendered":"<p>Lyonnaise du 3e arrondissement, C\u00e9cile Dargacha, cadre juridique dans une grande administration publique sait devenir pendant ses loisirs, une artiste d\u00e9sopilante sous le pseudo de Sessile. On a pu l\u2019applaudir il y a quelques ann\u00e9es, en groupe, notamment au Nombril du Monde et lors de son premier one woman show, S\u00e9ssile d\u00e9chire tout mais \u00e7a reste entre nous , au cin\u00e9ma Bellecombe (6e ). Elle remonte seule sur sc\u00e8ne, dans son nouveau spectacle En pause , ce dimanche 18\u00a0janvier \u00e0&#8230;<\/p>\n","protected":false},"excerpt":{"rendered":"Lyonnaise du 3e arrondissement, C\u00e9cile Dargacha, cadre juridique dans une grande administration publique sait devenir pendant ses loisirs,&hellip;\n","protected":false},"author":2,"featured_media":661178,"comment_status":"","ping_status":"","sticky":false,"template":"","format":"standard","meta":{"footnotes":""},"categories":[1889],"tags":[1111,11,2430,1687,2757,1777,674,1011,27,2428,14926,2802,12,25],"class_list":{"0":"post-661177","1":"post","2":"type-post","3":"status-publish","4":"format-standard","5":"has-post-thumbnail","7":"category-lyon","8":"tag-actu","9":"tag-actualites","10":"tag-auvergne-rhone-alpes","11":"tag-culture-loisirs","12":"tag-edition-lyon-villeurbanne","13":"tag-eu","14":"tag-europe","15":"tag-fr","16":"tag-france","17":"tag-lyon","18":"tag-lyon-6e","19":"tag-lyon-6e-arrondissement","20":"tag-news","21":"tag-republique-francaise"},"share_on_mastodon":{"url":"https:\/\/pubeurope.com\/@fr\/115889213415385205","error":""},"_links":{"self":[{"href":"https:\/\/www.europesays.com\/fr\/wp-json\/wp\/v2\/posts\/661177","targetHints":{"allow":["GET"]}}],"collection":[{"href":"https:\/\/www.europesays.com\/fr\/wp-json\/wp\/v2\/posts"}],"about":[{"href":"https:\/\/www.europesays.com\/fr\/wp-json\/wp\/v2\/types\/post"}],"author":[{"embeddable":true,"href":"https:\/\/www.europesays.com\/fr\/wp-json\/wp\/v2\/users\/2"}],"replies":[{"embeddable":true,"href":"https:\/\/www.europesays.com\/fr\/wp-json\/wp\/v2\/comments?post=661177"}],"version-history":[{"count":0,"href":"https:\/\/www.europesays.com\/fr\/wp-json\/wp\/v2\/posts\/661177\/revisions"}],"wp:featuredmedia":[{"embeddable":true,"href":"https:\/\/www.europesays.com\/fr\/wp-json\/wp\/v2\/media\/661178"}],"wp:attachment":[{"href":"https:\/\/www.europesays.com\/fr\/wp-json\/wp\/v2\/media?parent=661177"}],"wp:term":[{"taxonomy":"category","embeddable":true,"href":"https:\/\/www.europesays.com\/fr\/wp-json\/wp\/v2\/categories?post=661177"},{"taxonomy":"post_tag","embeddable":true,"href":"https:\/\/www.europesays.com\/fr\/wp-json\/wp\/v2\/tags?post=661177"}],"curies":[{"name":"wp","href":"https:\/\/api.w.org\/{rel}","templated":true}]}}