{"id":661181,"date":"2026-01-13T18:32:20","date_gmt":"2026-01-13T18:32:20","guid":{"rendered":"https:\/\/www.europesays.com\/fr\/661181\/"},"modified":"2026-01-13T18:32:20","modified_gmt":"2026-01-13T18:32:20","slug":"patrice-faure-dresse-le-cap-2026-de-la-prefecture-de-police-de-paris","status":"publish","type":"post","link":"https:\/\/www.europesays.com\/fr\/661181\/","title":{"rendered":"Patrice Faure dresse le cap 2026 de la pr\u00e9fecture de Police de Paris"},"content":{"rendered":"<p>                    Par<br \/>\n        <strong><br \/>\n            <a href=\"https:\/\/actu.fr\/auteur\/dorinegoth\" title=\"Consulter tous les articles de Dorine Goth\" target=\"_blank\" rel=\"noopener\">Dorine Goth<\/a><br \/>\n                    <\/strong><\/p>\n<p>        Publi\u00e9 le<\/p>\n<p>            13 janv. 2026 \u00e0 18h34        <\/p>\n<p>La <a href=\"https:\/\/actu.fr\/tag\/prefecture-de-police-de-paris\" target=\"_blank\" rel=\"noopener\">pr\u00e9fecture de Police<\/a> a peu chang\u00e9 en 10\u00a0ans, date de son dernier passage. Dans la bouche du<strong> nouveau pr\u00e9fet de Police de Paris<\/strong>, cette phrase qui peut sembler rassurante sonne comme un reproche. Ce mardi 13\u00a0janvier 2026, \u00e0 l\u2019occasion de la c\u00e9r\u00e9monie d\u2019introduction des nouvelles recrues de l\u2019institution parisienne, <strong><a href=\"https:\/\/actu.fr\/ile-de-france\/paris_75056\/apprenti-patissier-fidele-d-emmanuel-macron-qui-est-patrice-faure-nouveau-prefet-de-police-de-paris_63336141.html\" target=\"_blank\" rel=\"noopener\">Patrice Faure<\/a><\/strong>, nouvellement nomm\u00e9, a l\u2019intention d\u2019imposer sa vision. Celle-ci a \u00e9t\u00e9 r\u00e9sum\u00e9e en trois principes\u2009: excellence, proximit\u00e9 et fermet\u00e9. Une rupture avec la \u00ab\u2009souplesse\u2009\u00bb et \u00ab\u2009tact\u2009\u00bb demand\u00e9e par son pr\u00e9d\u00e9cesseur, <a href=\"https:\/\/actu.fr\/tag\/laurent-nunez\" target=\"_blank\" rel=\"noopener\">Laurent Nu\u00f1ez<\/a>, aujourd\u2019hui ministre de l\u2019Int\u00e9rieur.<\/p>\n<p>Un vent de changement<\/p>\n<p class=\" wall-content\">Pour \u00e7a, quatre grands objectifs ont \u00e9t\u00e9 dress\u00e9s\u2009: conforter le r\u00f4le de la pr\u00e9fecture de Police comme puissance agissant pour la s\u00e9curit\u00e9 du quotidien, augmenter son potentiel d\u2019action avec les nouvelles technologies afin d\u2019\u00eatre agiles face aux nouvelles menaces cyber, \u00eatre reconnus comme un service public efficace et continuer de faire rayonner l\u2019institution. \u00ab\u2009La pr\u00e9fecture de Police ne craint pas le <strong>changement\u2009\u00bb,<\/strong> a-t-il appel\u00e9.<\/p>\n<p class=\" wall-content\">Dans le viseur, les \u00ab\u2009nouvelles formes de d\u00e9linquances\u2009\u00bb, notamment celles li\u00e9es \u00e0 l\u2019usage de psychotropes dits \u00ab<a href=\"https:\/\/actu.fr\/ile-de-france\/sevran_93071\/protoxyde-d-azote-une-filiere-specialisee-dans-la-prise-en-charge-de-l-addiction-ouvre-en-ile-de-france_63583776.html\" target=\"_blank\" rel=\"noopener\">\u2009gaz hilarants<\/a>\u2009\u00bb. \u00ab\u2009C\u2019est une nouvelle forme de drogue. On va s\u2019adapter et aller vite\u2009\u00bb, promet Patrice Faure. Autre moyen attendu, l\u2019autorisation de l\u2019usage de l\u2019<a href=\"https:\/\/actu.fr\/tag\/intelligence-artificielle\" target=\"_blank\" rel=\"noopener\">intelligence artificielle<\/a> pour la <a href=\"https:\/\/actu.fr\/ile-de-france\/saint-ouen-sur-seine_93070\/intelligence-artificielle-dans-les-transports-en-commun-d-ile-de-france-les-contours-d-une-revolution-a-venir_63552649.html\" target=\"_blank\" rel=\"noopener\">d\u00e9tection de faits de d\u00e9linquance<\/a>. \u00ab\u2009On pourrait ainsi suivre un v\u00e9hicule comme lors du <a href=\"https:\/\/actu.fr\/ile-de-france\/paris_75056\/vol-de-bijoux-au-musee-du-louvre-a-paris-le-quatrieme-membre-presume-du-commando-mis-en-examen_63504312.html\" target=\"_blank\" rel=\"noopener\">cambriolage du Louvre<\/a> par exemple\u2009\u00bb, pr\u00e9sente-t-il.<\/p>\n<p class=\" wall-content\">Son usage avait \u00e9t\u00e9 adopt\u00e9 comme une mesure exp\u00e9rimentale pendant les Jeux olympiques de Paris 2024. Depuis son usage est en discussion \u00e0 l\u2019Assembl\u00e9e nationale afin de l\u00e9gif\u00e9rer sur la technologie.<\/p>\n<p class=\" wall-content\">Personnalisez votre actualit\u00e9 en ajoutant vos villes et m\u00e9dias en favori avec <a href=\"https:\/\/moncompte.actu.fr\" title=\"D\u00e9couvez Mon Actu\" rel=\"nofollow noopener\" data-trk=\"{&quot;cta&quot;:{&quot;action&quot;:&quot;https:\\\/\\\/moncompte.actu.fr&quot;,&quot;category&quot;:&quot;mon compte&quot;,&quot;from&quot;:&quot;article footer&quot;,&quot;name&quot;:&quot;Mon actu&quot;,&quot;type&quot;:&quot;cta&quot;}}\" target=\"_blank\">Mon Actu<\/a>.<\/p>\n","protected":false},"excerpt":{"rendered":"Par Dorine Goth Publi\u00e9 le 13 janv. 2026 \u00e0 18h34 La pr\u00e9fecture de Police a peu chang\u00e9 en&hellip;\n","protected":false},"author":2,"featured_media":661182,"comment_status":"","ping_status":"","sticky":false,"template":"","format":"standard","meta":{"footnotes":""},"categories":[1888],"tags":[1111,1928,11,1927,1777,674,1011,27,2825,223,12,1926,626,1925,1931,25,104],"class_list":{"0":"post-661181","1":"post","2":"type-post","3":"status-publish","4":"format-standard","5":"has-post-thumbnail","7":"category-paris","8":"tag-actu","9":"tag-actu-paris","10":"tag-actualites","11":"tag-actualites-paris","12":"tag-eu","13":"tag-europe","14":"tag-fr","15":"tag-france","16":"tag-insecurite","17":"tag-intelligence-artificielle","18":"tag-news","19":"tag-news-paris","20":"tag-paris","21":"tag-paris-news","22":"tag-prefecture-de-police-de-paris","23":"tag-republique-francaise","24":"tag-societe"},"share_on_mastodon":{"url":"https:\/\/pubeurope.com\/@fr\/115889225402642156","error":""},"_links":{"self":[{"href":"https:\/\/www.europesays.com\/fr\/wp-json\/wp\/v2\/posts\/661181","targetHints":{"allow":["GET"]}}],"collection":[{"href":"https:\/\/www.europesays.com\/fr\/wp-json\/wp\/v2\/posts"}],"about":[{"href":"https:\/\/www.europesays.com\/fr\/wp-json\/wp\/v2\/types\/post"}],"author":[{"embeddable":true,"href":"https:\/\/www.europesays.com\/fr\/wp-json\/wp\/v2\/users\/2"}],"replies":[{"embeddable":true,"href":"https:\/\/www.europesays.com\/fr\/wp-json\/wp\/v2\/comments?post=661181"}],"version-history":[{"count":0,"href":"https:\/\/www.europesays.com\/fr\/wp-json\/wp\/v2\/posts\/661181\/revisions"}],"wp:featuredmedia":[{"embeddable":true,"href":"https:\/\/www.europesays.com\/fr\/wp-json\/wp\/v2\/media\/661182"}],"wp:attachment":[{"href":"https:\/\/www.europesays.com\/fr\/wp-json\/wp\/v2\/media?parent=661181"}],"wp:term":[{"taxonomy":"category","embeddable":true,"href":"https:\/\/www.europesays.com\/fr\/wp-json\/wp\/v2\/categories?post=661181"},{"taxonomy":"post_tag","embeddable":true,"href":"https:\/\/www.europesays.com\/fr\/wp-json\/wp\/v2\/tags?post=661181"}],"curies":[{"name":"wp","href":"https:\/\/api.w.org\/{rel}","templated":true}]}}