{"id":661183,"date":"2026-01-13T18:33:16","date_gmt":"2026-01-13T18:33:16","guid":{"rendered":"https:\/\/www.europesays.com\/fr\/661183\/"},"modified":"2026-01-13T18:33:16","modified_gmt":"2026-01-13T18:33:16","slug":"art-deco-brutalisme-les-plus-beaux-quartiers-de-paris-pour-les-amoureux-darchitecture","status":"publish","type":"post","link":"https:\/\/www.europesays.com\/fr\/661183\/","title":{"rendered":"Art d\u00e9co, brutalisme\u2026 les plus beaux quartiers de Paris pour les amoureux d&rsquo;architecture"},"content":{"rendered":"<p>H\u00e9las, la plupart des <a href=\"https:\/\/www.admagazine.fr\/article\/cinemas-parisiens-disparus-1930\" target=\"_blank\" rel=\"noopener\">cin\u00e9mas<\/a> et salles de spectacle Art d\u00e9co ont ferm\u00e9 leurs portes, si ce n&rsquo;est disparu, \u00e0 la fin de ann\u00e9es 1970 \u00e0 l&rsquo;av\u00e8nement de la t\u00e9l\u00e9vision. Tout autour des Grands Boulevards, de l&rsquo;Op\u00e9ra Garnier \u00e0 Strasbourg-Saint-Denis, quelques uns de ces lieux subsistent encore. Parmi eux, le Grand Rex, r\u00e9cemment r\u00e9habilit\u00e9 dans ses atours d&rsquo;origine ; mais aussi, en s&rsquo;aventurant aux confins du IXe arrondissement, le Louxor, ultime symbole de l&rsquo;\u00e2ge d&rsquo;or Art d\u00e9co.<\/p>\n<p>3. L&rsquo;architecture futuriste autour de la BnF (XIIIe arrondissement)<img decoding=\"async\" alt=\"L'avenue de France dans le XIIIe arrondissement.\" loading=\"lazy\" class=\"ResponsiveImageContainer-eNxvmU cfBbTk responsive-image__image\"   src=\"https:\/\/www.europesays.com\/fr\/wp-content\/uploads\/2026\/01\/GettyImages-1402855662.jpg\"\/><\/p>\n<p>L&rsquo;avenue de France, dans le XIIIe arrondissement.<\/p>\n<p>Christophe Lehenaff<\/p>\n<p>Voici quelques ann\u00e9es que le XIIIe arrondissement ne cesse de s&rsquo;enrichir de nouveaux immeubles. Graphiques, g\u00e9om\u00e9triques, torsad\u00e9s, color\u00e9s, ces b\u00e2timents \u2014 dont certains sont sign\u00e9s de grands architectes comme <a href=\"https:\/\/www.admagazine.fr\/article\/premiere-rencontre-jean-nouvel\" target=\"_blank\" rel=\"noopener\">Jean Nouvel<\/a> qui y a sign\u00e9 deux tours \u2014 donnent \u00e0 voir ce que l&rsquo;architecture contemporaine peut faire de plus cr\u00e9atif. Le si\u00e8ge du journal Le Monde, une arche moderne r\u00e9alis\u00e9e par Snohetta proche de la gare d&rsquo;Austerlitz, est \u00e9galement incontournable.<\/p>\n<p>4. La Petite Alsace (XIIIe arrondissement)<img decoding=\"async\" alt=\"La Petite Alsace dans le XIIIe arrondissement.\" loading=\"lazy\" class=\"ResponsiveImageContainer-eNxvmU cfBbTk responsive-image__image\"   src=\"https:\/\/www.europesays.com\/fr\/wp-content\/uploads\/2026\/01\/2020_07_25_Petite_Alsace.jpg\"\/><\/p>\n<p>La Petite Alsace, dans le XIIIe arrondissement.<\/p>\n<p>Par <a href=\"https:\/\/commons.wikimedia.org\/w\/index.php?curid=92629792\" target=\"_blank\" class=\"image credit link\" rel=\"noopener\">Laurent Cailleaux<\/a> \u2014 Travail personnel, CC BY-SA 4.0<\/p>\n","protected":false},"excerpt":{"rendered":"H\u00e9las, la plupart des cin\u00e9mas et salles de spectacle Art d\u00e9co ont ferm\u00e9 leurs portes, si ce n&rsquo;est&hellip;\n","protected":false},"author":2,"featured_media":661184,"comment_status":"","ping_status":"","sticky":false,"template":"","format":"standard","meta":{"footnotes":""},"categories":[1888],"tags":[1111,1928,11,1927,10056,35976,1777,674,1011,27,12,1926,626,1925,25],"class_list":{"0":"post-661183","1":"post","2":"type-post","3":"status-publish","4":"format-standard","5":"has-post-thumbnail","7":"category-paris","8":"tag-actu","9":"tag-actu-paris","10":"tag-actualites","11":"tag-actualites-paris","12":"tag-art-deco","13":"tag-art-nouveau","14":"tag-eu","15":"tag-europe","16":"tag-fr","17":"tag-france","18":"tag-news","19":"tag-news-paris","20":"tag-paris","21":"tag-paris-news","22":"tag-republique-francaise"},"share_on_mastodon":{"url":"https:\/\/pubeurope.com\/@fr\/115889229610841077","error":""},"_links":{"self":[{"href":"https:\/\/www.europesays.com\/fr\/wp-json\/wp\/v2\/posts\/661183","targetHints":{"allow":["GET"]}}],"collection":[{"href":"https:\/\/www.europesays.com\/fr\/wp-json\/wp\/v2\/posts"}],"about":[{"href":"https:\/\/www.europesays.com\/fr\/wp-json\/wp\/v2\/types\/post"}],"author":[{"embeddable":true,"href":"https:\/\/www.europesays.com\/fr\/wp-json\/wp\/v2\/users\/2"}],"replies":[{"embeddable":true,"href":"https:\/\/www.europesays.com\/fr\/wp-json\/wp\/v2\/comments?post=661183"}],"version-history":[{"count":0,"href":"https:\/\/www.europesays.com\/fr\/wp-json\/wp\/v2\/posts\/661183\/revisions"}],"wp:featuredmedia":[{"embeddable":true,"href":"https:\/\/www.europesays.com\/fr\/wp-json\/wp\/v2\/media\/661184"}],"wp:attachment":[{"href":"https:\/\/www.europesays.com\/fr\/wp-json\/wp\/v2\/media?parent=661183"}],"wp:term":[{"taxonomy":"category","embeddable":true,"href":"https:\/\/www.europesays.com\/fr\/wp-json\/wp\/v2\/categories?post=661183"},{"taxonomy":"post_tag","embeddable":true,"href":"https:\/\/www.europesays.com\/fr\/wp-json\/wp\/v2\/tags?post=661183"}],"curies":[{"name":"wp","href":"https:\/\/api.w.org\/{rel}","templated":true}]}}