{"id":661185,"date":"2026-01-13T18:34:12","date_gmt":"2026-01-13T18:34:12","guid":{"rendered":"https:\/\/www.europesays.com\/fr\/661185\/"},"modified":"2026-01-13T18:34:12","modified_gmt":"2026-01-13T18:34:12","slug":"lex-veritable-egerie-francaise-du-groupe-etat-islamique-emilie-konig-jugee-du-26-au-30-novembre-a-paris","status":"publish","type":"post","link":"https:\/\/www.europesays.com\/fr\/661185\/","title":{"rendered":"L\u2019ex \u00ab\u00a0v\u00e9ritable \u00e9g\u00e9rie\u00a0\u00bb fran\u00e7aise du groupe \u00c9tat islamique \u00c9milie K\u00f6nig jug\u00e9e du 26 au 30\u00a0novembre \u00e0 Paris"},"content":{"rendered":"<p class=\"paragraph text_align_left lp-f-body-02\">Elle \u00e9tait aussi consid\u00e9r\u00e9e comme une cible prioritaire par la CIA. L\u2019ex-figure fran\u00e7aise de l\u2019organisation \u00c9tat islamique (EI) \u00c9milie K\u00f6nig sera alors jug\u00e9e du 26 au 30 novembre <a href=\"https:\/\/www.leparisien.fr\/faits-divers\/la-djihadiste-francaise-emilie-konig-renvoyee-devant-une-cour-dassises-speciale-20-10-2025-RFCS6WKRQ5ATDC6YT2WVVV2PJE.php\" target=\"_blank\" rel=\"noreferrer noopener\">devant la Cour d\u2019assises sp\u00e9ciale de Paris<\/a> pour association de malfaiteurs terroriste criminelle, a appris mardi l\u2019AFP de source judiciaire.<\/p>\n<p class=\"\">Des juges d\u2019instruction parisiens avaient d\u00e9cid\u00e9 ce renvoi le 16 septembre, conform\u00e9ment aux <a href=\"https:\/\/www.leparisien.fr\/faits-divers\/le-parquet-antiterroriste-requiert-un-proces-aux-assises-pour-emilie-konig-legerie-francaise-du-groupe-etat-islamique-15-09-2025-3BZIHFMKKFBRHPTQ5JFLWXPEAA.php\" target=\"_blank\" rel=\"noreferrer noopener\">r\u00e9quisitions du Parquet national antiterroriste (PNAT)<\/a> dat\u00e9es du 29 juillet, et les dates du proc\u00e8s viennent d\u2019\u00eatre fix\u00e9es, a pr\u00e9cis\u00e9 la source judiciaire.<\/p>\n<p class=\"\">Selon des \u00e9l\u00e9ments du r\u00e9quisitoire d\u00e9finitif obtenus par l\u2019AFP, le PNAT reproche \u00e0 <a href=\"https:\/\/www.leparisien.fr\/faits-divers\/qui-est-emilie-konig-la-djihadiste-originaire-de-lorient-et-de-retour-en-france-06-07-2022-CK66OYKLMRE5JDU4YKJYFTTV5U.php\" target=\"_blank\" rel=\"noreferrer noopener\">cette femme n\u00e9e dans le Morbihan<\/a> d\u2019\u00eatre sciemment rest\u00e9e sur place pendant les pires exactions de l\u2019EI en zone irako-syrienne, et d\u2019y avoir agi comme \u00ab recruteuse, entremetteuse et propagandiste \u00bb. Le PNAT pr\u00e9sente ainsi \u00c9milie K\u00f6nig comme une \u00ab v\u00e9ritable \u00e9g\u00e9rie \u00bb du groupe EI.<\/p>\n<p class=\"\">En 2014, l\u2019ONU l\u2019avait plac\u00e9e sur sa liste des combattants les plus dangereux, relevant notamment des vid\u00e9os o\u00f9 elle s\u2019entra\u00eenait au maniement d\u2019un fusil et encourageait \u00ab \u00e0 commettre des actes violents \u00bb en France contre des institutions ou des \u00e9pouses de militaires.<\/p>\n<p class=\"lp-card-podcast-highlighting__title  lp-f-subtitle-05\">[2\/2] Affaire \u00c9velyne Boucher\u00a0: deux d\u00e9cennies pour \u00e9tablir la v\u00e9rit\u00e9<\/p>\n<p><a class=\"lp-card-podcast-highlighting__call-to-action\" data-page-type=\"HP\" data-block-name=\"podcast-highlight\">\u00c9couter<\/a>Radicalisation progressive<\/p>\n<p class=\"\">N\u00e9e en 1984 \u00e0 Lorient, <a href=\"https:\/\/www.leparisien.fr\/faits-divers\/la-djihadiste-emilie-konig-accusee-de-violences-sur-ses-enfants-08-10-2024-2Z7VRO6MXNDSDNUCIY52CIVA3M.php\" target=\"_blank\" rel=\"noreferrer noopener\">\u00c9milie K\u00f6nig<\/a>, dont la jeune a \u00e9t\u00e9 marqu\u00e9e par des violences sexuelles et physiques, s\u2019est convertie \u00e0 l\u2019islam \u00e0 l\u2019\u00e2ge de 17 ans, avant de se radicaliser progressivement.<\/p>\n<p class=\"\">Proche <a href=\"https:\/\/www.leparisien.fr\/faits-divers\/groupuscule-islamiste-forsane-alizza-l-assignation-a-residence-de-son-ex-chef-maintenue-25-09-2020-8391771.php\" rel=\"noopener\" target=\"_blank\">de la mouvance Forsane Alizza<\/a>, la jeune femme a quitt\u00e9 la France en 2012 pour rejoindre les rangs de Daech, sans ses deux enfants n\u00e9s en France. Elle y rejoint un homme \u00e9pous\u00e9 religieusement, issu d\u2019une fili\u00e8re djihadiste n\u00eemoise, et tu\u00e9 par la suite dans une offensive de l\u2019EI.<\/p>\n<p class=\"\">Recherch\u00e9e par la France depuis 2015 dans le cadre d\u2019une enqu\u00eate li\u00e9e \u00e0 <a href=\"https:\/\/www.leparisien.fr\/faits-divers\/filiere-jihadiste-deux-hommes-et-une-femme-mis-en-examen-a-nimes-21-06-2014-3941723.php\" rel=\"noopener\" target=\"_blank\">la fili\u00e8re dite \u00ab de N\u00eemes \u00bb<\/a> (Gard), la djihadiste fran\u00e7aise avait \u00e9t\u00e9 arr\u00eat\u00e9e par les forces kurdes en Syrie fin 2017 et plac\u00e9e dans un camp de prisonniers djihadistes du nord-est du pays.<\/p>\n<p class=\"\">En juillet 2022, elle avait \u00e9t\u00e9 rapatri\u00e9e en France avec 50 autres personnes, dont 16 m\u00e8res, lors d\u2019un premier retour massif de femmes et d\u2019enfants fran\u00e7ais depuis la chute en 2019 du \u00ab califat \u00bb de l\u2019\u00c9tat islamique.<\/p>\n","protected":false},"excerpt":{"rendered":"Elle \u00e9tait aussi consid\u00e9r\u00e9e comme une cible prioritaire par la CIA. L\u2019ex-figure fran\u00e7aise de l\u2019organisation \u00c9tat islamique (EI)&hellip;\n","protected":false},"author":2,"featured_media":661186,"comment_status":"","ping_status":"","sticky":false,"template":"","format":"standard","meta":{"footnotes":""},"categories":[1888],"tags":[11,1777,674,118,1011,27,12,626,25],"class_list":{"0":"post-661185","1":"post","2":"type-post","3":"status-publish","4":"format-standard","5":"has-post-thumbnail","7":"category-paris","8":"tag-actualites","9":"tag-eu","10":"tag-europe","11":"tag-faits-divers","12":"tag-fr","13":"tag-france","14":"tag-news","15":"tag-paris","16":"tag-republique-francaise"},"share_on_mastodon":{"url":"https:\/\/pubeurope.com\/@fr\/115889233432808054","error":""},"_links":{"self":[{"href":"https:\/\/www.europesays.com\/fr\/wp-json\/wp\/v2\/posts\/661185","targetHints":{"allow":["GET"]}}],"collection":[{"href":"https:\/\/www.europesays.com\/fr\/wp-json\/wp\/v2\/posts"}],"about":[{"href":"https:\/\/www.europesays.com\/fr\/wp-json\/wp\/v2\/types\/post"}],"author":[{"embeddable":true,"href":"https:\/\/www.europesays.com\/fr\/wp-json\/wp\/v2\/users\/2"}],"replies":[{"embeddable":true,"href":"https:\/\/www.europesays.com\/fr\/wp-json\/wp\/v2\/comments?post=661185"}],"version-history":[{"count":0,"href":"https:\/\/www.europesays.com\/fr\/wp-json\/wp\/v2\/posts\/661185\/revisions"}],"wp:featuredmedia":[{"embeddable":true,"href":"https:\/\/www.europesays.com\/fr\/wp-json\/wp\/v2\/media\/661186"}],"wp:attachment":[{"href":"https:\/\/www.europesays.com\/fr\/wp-json\/wp\/v2\/media?parent=661185"}],"wp:term":[{"taxonomy":"category","embeddable":true,"href":"https:\/\/www.europesays.com\/fr\/wp-json\/wp\/v2\/categories?post=661185"},{"taxonomy":"post_tag","embeddable":true,"href":"https:\/\/www.europesays.com\/fr\/wp-json\/wp\/v2\/tags?post=661185"}],"curies":[{"name":"wp","href":"https:\/\/api.w.org\/{rel}","templated":true}]}}