{"id":661187,"date":"2026-01-13T18:35:19","date_gmt":"2026-01-13T18:35:19","guid":{"rendered":"https:\/\/www.europesays.com\/fr\/661187\/"},"modified":"2026-01-13T18:35:19","modified_gmt":"2026-01-13T18:35:19","slug":"paris-le-proces-de-liranienne-que-teheran-veut-echanger-avec-cecile-kohler-et-jacques-paris-sest-ouvert","status":"publish","type":"post","link":"https:\/\/www.europesays.com\/fr\/661187\/","title":{"rendered":"Paris. Le proc\u00e8s de l&rsquo;Iranienne que T\u00e9h\u00e9ran veut \u00e9changer avec C\u00e9cile Kohler et Jacques Paris s&rsquo;est ouvert"},"content":{"rendered":"<p>L&rsquo;Iranienne Mahdieh Esfandiari, jug\u00e9 \u00e0 Paris pour apologie du terrorisme et possible monnaie d&rsquo;\u00e9change avec T\u00e9h\u00e9ran contre les Fran\u00e7ais <a href=\"https:\/\/www.ledauphine.com\/p\/cecile-kohler\" target=\"_blank\" rel=\"noopener\">C\u00e9cile Kohler<\/a> et Jacques Paris, entend dissiper les \u00ab mensonges \u00bb lors de son proc\u00e8s, <a href=\"https:\/\/www.ledauphine.com\/faits-divers-justice\/2026\/01\/13\/l-iranienne-reclamee-par-teheran-en-echange-de-cecile-kohler-et-jacques-paris-jugee-des-ce-mardi\" target=\"_blank\" rel=\"noopener\">ouvert ce mardi devant le tribunal correctionnel<\/a>. \u00ab Je suis ici aujourd&rsquo;hui car je vais enfin pouvoir m&rsquo;exprimer sur les faits, car il y a eu beaucoup d&rsquo;histoires erron\u00e9es me concernant dans les m\u00e9dias, et beaucoup de mensonges \u00bb, a d\u00e9clar\u00e9 \u00e0 la presse juste avant l&rsquo;audience la pr\u00e9venue, v\u00eatue d&rsquo;une longue robe sur un jean et d&rsquo;un foulard aux couleurs pastel.<\/p>\n<p>\u00c0 ses c\u00f4t\u00e9s, Me Nabil Boudi, un de ses avocats, a indiqu\u00e9 qu&rsquo;elle attendait \u00ab d&rsquo;\u00eatre blanchie int\u00e9gralement \u00bb. Interrog\u00e9 sur le lien avec l&rsquo;affaire Kohler et Paris, il a dit attendre \u00ab vraiment l&rsquo;issue du proc\u00e8s \u00bb, qui doit durer quatre jours.<\/p>\n<p>C\u00e9cile Kohler et Jacques Paris bloqu\u00e9s \u00e0 l&rsquo;ambassade de France \u00e0 T\u00e9h\u00e9ran<\/p>\n<p>Le proc\u00e8s intervient en plein mouvement de protestation qui secoue l&rsquo;Iran depuis fin d\u00e9cembre, et dont la r\u00e9pression a fait plus de 600 morts. Les autorit\u00e9s iraniennes souhaitent \u00e9changer Mahdieh Esfandiari, arr\u00eat\u00e9e en France en f\u00e9vrier 2025, contre C\u00e9cile Kohler, 41 ans, et Jacques Paris, 72 ans, incarc\u00e9r\u00e9s en Iran en mai 2022 avant d&rsquo;\u00eatre condamn\u00e9s respectivement \u00e0 20 et 17 ans de prison, notamment pour espionnage pour Isra\u00ebl, puis lib\u00e9r\u00e9s d\u00e9but novembre 2025, avec interdiction de quitter le pays. Ils restent pour l&rsquo;heure <a href=\"https:\/\/www.ledauphine.com\/politique\/2025\/11\/26\/cecile-kohler-et-jacques-paris-autorises-a-rentrer-en-france-l-echange-avec-une-iranienne-toujours-prevu\" target=\"_blank\" rel=\"noopener\">bloqu\u00e9s \u00e0 l&rsquo;ambassade de France \u00e0 T\u00e9h\u00e9ran<\/a>.<\/p>\n<p>Mahdieh Esfandiari a obtenu fin octobre, apr\u00e8s huit mois de d\u00e9tention provisoire, sa lib\u00e9ration sous contr\u00f4le judiciaire, avec interdiction de quitter le territoire fran\u00e7ais. \u00ab Cet \u00e9change entre nous et la France a \u00e9t\u00e9 n\u00e9goci\u00e9. Il y a eu un accord et en effet, nous attendons que toute la proc\u00e9dure juridique et judiciaire se fasse dans les deux pays \u00bb, avait d\u00e9clar\u00e9 fin novembre le chef de la diplomatie iranienne, Abbas Araghchi. La diplomatie fran\u00e7aise a pour sa part refus\u00e9 de commenter une proc\u00e9dure judiciaire \u00ab en cours \u00bb et n&rsquo;a rien voulu dire sur l&rsquo;impact potentiel sur leur lib\u00e9ration du mouvement actuel.<\/p>\n<p>  Prudence de la France<\/p>\n<p>Devant l&rsquo;Assembl\u00e9e nationale, le Premier ministre <a href=\"https:\/\/www.ledauphine.com\/p\/sebastien-lecornu\" target=\"_blank\" rel=\"noopener\">S\u00e9bastien Lecornu<\/a> a n\u00e9anmoins justifi\u00e9ce ce mardi la <a href=\"https:\/\/www.ledauphine.com\/politique\/2026\/01\/13\/l-aide-est-en-route-trump-incite-a-continuer-les-manifestations-la-france-convoque-l-ambassadeur-iranien\" target=\"_blank\" rel=\"noopener\">prudence de la France sur la contestation en Iran<\/a>, critiqu\u00e9e par le fils de l&rsquo;ancien chah et d&rsquo;une partie de la classe politique fran\u00e7aise, par la situation \u00ab plus que fragile et pr\u00e9occupante \u00bb des deux Fran\u00e7ais. La soeur de C\u00e9cile Kohler, No\u00e9mie Kohler, a toutefois indiqu\u00e9 qu&rsquo;ils allaient \u00ab bien \u00bb. \u00ab Leur s\u00e9curit\u00e9 est assur\u00e9e \u00bb, a soulign\u00e9 de son c\u00f4t\u00e9 Anne-Laure Paris, la fille de Jacques Paris. \u00ab Ils se remettent peu \u00e0 peu de leur d\u00e9tention, mais ils sont impatients de rentrer \u00bb.<\/p>\n<p>L&rsquo;Iranienne de 39 ans est jug\u00e9e avec quatre autres personnes, dont l&rsquo;essayiste d&rsquo;extr\u00eame droite multicondamn\u00e9 Alain Soral, absent et vis\u00e9 par un mandat d&rsquo;amener. Deux autres hommes ne se sont pas non plus pr\u00e9sent\u00e9s \u00e0 l&rsquo;audience. Mahdieh Esfandiari compara\u00eet pour apologie d&rsquo;un acte de terrorisme commis en ligne, provocation directe en ligne \u00e0 un acte de terrorisme (des d\u00e9lits passibles de sept ans d&#8217;emprisonnement et 100 000 euros d&rsquo;amende), injure publique en ligne en raison de l&rsquo;origine, ethnie, nation, race ou religion et association de malfaiteurs. Elle conteste les accusations.<\/p>\n<p>Quels sont les faits qui lui sont reproch\u00e9s\u00a0?<\/p>\n<p>Les faits qui lui sont reproch\u00e9s ont \u00e9t\u00e9 commis \u00e0 Paris et Lyon de courant 2023 jusqu&rsquo;au 3 d\u00e9cembre 2024, notamment sur les plateformes Telegram, X, Twitch et YouTube et le site Egalit\u00e9 et r\u00e9conciliation d&rsquo;Alain Soral. Le 30 octobre 2023, le parquet de Paris avait re\u00e7u un signalement du ministre de l&rsquo;Int\u00e9rieur sur un compte Telegram @Axe_de_la_R\u00e9sistance, faisant l&rsquo;apologie de l&rsquo;attaque sanglante men\u00e9e par le mouvement islamiste palestinien Hamas le 7 octobre 2023 en Isra\u00ebl, incitant \u00e0 des actes de terrorisme et injuriant la communaut\u00e9 juive.<\/p>\n<p>Selon les juges d&rsquo;instruction qui ont renvoy\u00e9 en proc\u00e8s l&rsquo;Iranienne, Mahdieh Esfandiari a occup\u00e9 une \u00ab place centrale dans l&rsquo;organisation Axe de la R\u00e9sistance \u00bb et \u00ab a second\u00e9 \u00bb Maurizio Buisson, un ancien \u00e9tudiant de l&rsquo;universit\u00e9 Al-Mustafa de Qom en Iran qui en \u00e9tait le principal organisateur. Ce dernier est aussi assis sur le banc des pr\u00e9venus. Arriv\u00e9e en France en 2018, elle y a cr\u00e9\u00e9 une entreprise de traduction et interpr\u00e9tariat et avait pour projet en 2025 de rentrer dans son pays. Parmi les nombreux propos qui lui sont reproch\u00e9s : avoir publi\u00e9 la phrase \u00ab Une attaque qui fait le bonheur de milliards de gens dans le monde&#8230; \u00bb en r\u00e9f\u00e9rence aux massacres du 7-Octobre; avoir remerci\u00e9 \u00ab ceux qui ont soutenu la R\u00e9sistance [&#8230;] Et \u00e0 leur t\u00eate la R\u00e9publique islamique d&rsquo;#Iran \u00bb ou un an plus tard, avoir c\u00e9l\u00e9br\u00e9 notamment avec des \u00e9motic\u00f4nes l&rsquo;anniversaire de l&rsquo;attaque perp\u00e9tr\u00e9e par le Hamas.<\/p>\n","protected":false},"excerpt":{"rendered":"L&rsquo;Iranienne Mahdieh Esfandiari, jug\u00e9 \u00e0 Paris pour apologie du terrorisme et possible monnaie d&rsquo;\u00e9change avec T\u00e9h\u00e9ran contre les&hellip;\n","protected":false},"author":2,"featured_media":661188,"comment_status":"","ping_status":"","sticky":false,"template":"","format":"standard","meta":{"footnotes":""},"categories":[1888],"tags":[11,271,3206,272,1777,674,274,107,1011,27,329,12,626,316,25],"class_list":{"0":"post-661187","1":"post","2":"type-post","3":"status-publish","4":"format-standard","5":"has-post-thumbnail","7":"category-paris","8":"tag-actualites","9":"tag-crime","10":"tag-defense-guerre-conflit","11":"tag-delit-et-contravention","12":"tag-eu","13":"tag-europe","14":"tag-faits-divers-justice","15":"tag-fil-info","16":"tag-fr","17":"tag-france","18":"tag-france-monde","19":"tag-news","20":"tag-paris","21":"tag-politique","22":"tag-republique-francaise"},"share_on_mastodon":{"url":"https:\/\/pubeurope.com\/@fr\/115889237135787106","error":""},"_links":{"self":[{"href":"https:\/\/www.europesays.com\/fr\/wp-json\/wp\/v2\/posts\/661187","targetHints":{"allow":["GET"]}}],"collection":[{"href":"https:\/\/www.europesays.com\/fr\/wp-json\/wp\/v2\/posts"}],"about":[{"href":"https:\/\/www.europesays.com\/fr\/wp-json\/wp\/v2\/types\/post"}],"author":[{"embeddable":true,"href":"https:\/\/www.europesays.com\/fr\/wp-json\/wp\/v2\/users\/2"}],"replies":[{"embeddable":true,"href":"https:\/\/www.europesays.com\/fr\/wp-json\/wp\/v2\/comments?post=661187"}],"version-history":[{"count":0,"href":"https:\/\/www.europesays.com\/fr\/wp-json\/wp\/v2\/posts\/661187\/revisions"}],"wp:featuredmedia":[{"embeddable":true,"href":"https:\/\/www.europesays.com\/fr\/wp-json\/wp\/v2\/media\/661188"}],"wp:attachment":[{"href":"https:\/\/www.europesays.com\/fr\/wp-json\/wp\/v2\/media?parent=661187"}],"wp:term":[{"taxonomy":"category","embeddable":true,"href":"https:\/\/www.europesays.com\/fr\/wp-json\/wp\/v2\/categories?post=661187"},{"taxonomy":"post_tag","embeddable":true,"href":"https:\/\/www.europesays.com\/fr\/wp-json\/wp\/v2\/tags?post=661187"}],"curies":[{"name":"wp","href":"https:\/\/api.w.org\/{rel}","templated":true}]}}