{"id":66119,"date":"2025-05-01T05:09:08","date_gmt":"2025-05-01T05:09:08","guid":{"rendered":"https:\/\/www.europesays.com\/fr\/66119\/"},"modified":"2025-05-01T05:09:08","modified_gmt":"2025-05-01T05:09:08","slug":"cest-un-stade-de-grands-evenements-mais-ce-nest-pas-chez-nous-bordeaux-toulouse-sur-terrain-neutre","status":"publish","type":"post","link":"https:\/\/www.europesays.com\/fr\/66119\/","title":{"rendered":"\u00ab\u00a0C&rsquo;est un stade de grands \u00e9v\u00e9nements, mais ce n&rsquo;est pas chez nous\u00a0\u00bb : Bordeaux-Toulouse sur terrain neutre"},"content":{"rendered":"<p>            Par<br \/>\n        <strong><br \/>\n            <a href=\"https:\/\/actu.fr\/auteur\/thomas-corbet-actu-fr\" title=\"Consulter tous les articles de Thomas Corbet\" target=\"_blank\" rel=\"noopener\">Thomas Corbet<\/a><br \/>\n        <\/strong><\/p>\n<p>        Publi\u00e9 le<\/p>\n<p>            1 mai 2025 \u00e0 6h30        <\/p>\n<p>Premier gros rendez-vous de la saison, l\u2019<a href=\"https:\/\/actu.fr\/rugby\/equipe\/bordeaux-begles_64dd31517b8c09c4fec880dd\/\" target=\"_blank\" rel=\"noopener\">Union Bordeaux-B\u00e8gles<\/a> s\u2019appr\u00eate \u00e0 affronter Toulouse en <strong>demi-finale de Champions Cup<\/strong> (dimanche 4 mai \u00e0 16h). Un match que les Girondins abordent <a href=\"https:\/\/actu.fr\/nouvelle-aquitaine\/bordeaux_33063\/champions-cup-si-on-est-la-ce-n-est-pas-par-hasard-bordeaux-begles-vraiment-outsider-contre-toulouse_62581550.html\" target=\"_blank\" rel=\"noopener\">dans la peau d\u2019un outsider<\/a>, d\u2019autant plus qu\u2019ils estiment qu\u2019il se jouera <strong>sur terrain neutre<\/strong>.\u00a0<\/p>\n<p>Bordeaux-B\u00e8gles en terrain neutre au Matmut Atlantique<\/p>\n<p class=\" wall-content\">Tout \u00e7a pour \u00e7a ! Bien s\u00fbr, il serait un peu exag\u00e9r\u00e9 d\u2019estimer que Yannick Bru et ses hommes seront en terrain inconnu au Matmut Atlantique. N\u00e9anmoins, ce n\u2019est pas non plus un lieu o\u00f9 ils ont toutes leurs habitudes, eux les pensionnaires traditionnels de Chaban-Delmas.<\/p>\n<p class=\" wall-content\">\u00ab\u00a0\u00c7a ressemble \u00e0 un stade international, un stade de grands \u00e9v\u00e9nements.\u00a0Mais ce n\u2019est pas chez nous, c\u2019est certain. Chez nous, notre maison, c\u2019est Chaban. C\u2019est l\u00e0 qu\u2019on a nos rep\u00e8res, avec quelques moments cl\u00e9s, le paddock, le tunnel, la communion avec le public. \u00c7a, c\u2019est chez nous. Maintenant, on va jouer sur terrain neutre, sauf qu\u2019on est \u00e0 trois kilom\u00e8tres de l\u00e0 o\u00f9 on dort\u00a0\u00bb, explique Yannick Bru.<\/p>\n<p class=\" wall-content\">\u00ab\u00a0C\u2019est quand m\u00eame un tr\u00e8s joli stade o\u00f9 on peut accueillir 10 000 personnes de plus qu\u2019\u00e0 Chaban. \u00c7a fait beaucoup de bruit et souvent, ce sont des matchs spectaculaires qui s\u2019y passent. C\u2019est \u00e0 Bordeaux, donc \u00e9videmment que c\u2019est aussi notre maison. Mais notre maison, c\u2019est Chaban\u00a0\u00bb, tente de temp\u00e9rer Maxime Lamothe.<\/p>\n<p>Un public partag\u00e9<\/p>\n<p class=\" wall-content\">Au regard de la situation g\u00e9ographique, il sera n\u00e9cessairement plus ais\u00e9 pour le public bordelais que pour les supporters toulousains de se rendre au Matmut Atlantique pour assister \u00e0 la demi-finale de Champions Cup.<\/p>\n<p class=\" wall-content\">Sauf que dans son fonctionnement, l\u2019EPCR organisateur de la comp\u00e9tition alloue autant de place \u00e0 l\u2019un et l\u2019autre club. Le public devrait donc \u00eatre relativement \u00e9quitablement r\u00e9parti.<\/p>\n<p class=\" wall-content\">\u00ab\u00a0On sait tr\u00e8s bien qu\u2019on a la proximit\u00e9 g\u00e9ographique, mais il y a une \u00e9quit\u00e9 vis-\u00e0-vis de\u00a0 l\u2019EPCR sur l\u2019organisation du match. On a envoy\u00e9 autant de places \u00e0 Toulouse qu\u2019\u00e0 nous. Donc on ne s\u2019attend pas r\u00e9ellement \u00e0 jouer \u00e0 la maison. On esp\u00e8re que notre public sera au rendez-vous et montrera que c\u2019est \u00e0 c\u00f4t\u00e9 de chez lui. Mais je connais aussi un peu le public de Toulouse.\u00a0Je sais qu\u2019ils vont faire beaucoup de bruit\u00a0\u00bb, sourit Bru.<\/p>\n<p class=\" wall-content\">Suivez toute l\u2019actualit\u00e9 de vos villes et m\u00e9dias favoris en vous inscrivant \u00e0 <a href=\"https:\/\/moncompte.actu.fr\" title=\"D\u00e9couvez Mon Actu\" rel=\"nofollow noopener\" data-trk=\"{&quot;cta&quot;:{&quot;action&quot;:&quot;https:\\\/\\\/moncompte.actu.fr&quot;,&quot;category&quot;:&quot;mon compte&quot;,&quot;from&quot;:&quot;article footer&quot;,&quot;name&quot;:&quot;Mon actu&quot;,&quot;type&quot;:&quot;cta&quot;}}\" target=\"_blank\">Mon Actu<\/a>.<\/p>\n<ul class=\"ac-article-tag wall-content\">\n<li><a href=\"https:\/\/actu.fr\/tag\/champions-cup\" data-trk=\"{&quot;cta&quot;:{&quot;action&quot;:&quot;Champions Cup&quot;,&quot;category&quot;:&quot;tag&quot;,&quot;from&quot;:&quot;article footer&quot;,&quot;name&quot;:&quot;Champions Cup&quot;,&quot;type&quot;:&quot;cta&quot;}}\" target=\"_blank\" rel=\"noopener\">#Champions Cup<\/a><\/li>\n<li><a href=\"https:\/\/actu.fr\/tag\/usb-union-bordeaux-begles\" data-trk=\"{&quot;cta&quot;:{&quot;action&quot;:&quot;UBB Union Bordeaux B\\u00e8gles&quot;,&quot;category&quot;:&quot;tag&quot;,&quot;from&quot;:&quot;article footer&quot;,&quot;name&quot;:&quot;UBB Union Bordeaux B\\u00e8gles&quot;,&quot;type&quot;:&quot;cta&quot;}}\" target=\"_blank\" rel=\"noopener\">#UBB Union Bordeaux B\u00e8gles<\/a><\/li>\n<\/ul>\n","protected":false},"excerpt":{"rendered":"Par Thomas Corbet Publi\u00e9 le 1 mai 2025 \u00e0 6h30 Premier gros rendez-vous de la saison, l\u2019Union Bordeaux-B\u00e8gles&hellip;\n","protected":false},"author":2,"featured_media":66120,"comment_status":"","ping_status":"","sticky":false,"template":"","format":"standard","meta":{"footnotes":""},"categories":[2817],"tags":[1111,11,1997,3460,1089,1777,674,1011,27,12,2219,3788,25,479,60,4435],"class_list":{"0":"post-66119","1":"post","2":"type-post","3":"status-publish","4":"format-standard","5":"has-post-thumbnail","7":"category-bordeaux","8":"tag-actu","9":"tag-actualites","10":"tag-bordeaux","11":"tag-champions-cup","12":"tag-coupe-deurope","13":"tag-eu","14":"tag-europe","15":"tag-fr","16":"tag-france","17":"tag-news","18":"tag-nouvelle-aquitaine","19":"tag-pro","20":"tag-republique-francaise","21":"tag-rugby","22":"tag-sports","23":"tag-ubb-union-bordeaux-begles"},"share_on_mastodon":{"url":"https:\/\/pubeurope.com\/@fr\/114430853980163546","error":""},"_links":{"self":[{"href":"https:\/\/www.europesays.com\/fr\/wp-json\/wp\/v2\/posts\/66119","targetHints":{"allow":["GET"]}}],"collection":[{"href":"https:\/\/www.europesays.com\/fr\/wp-json\/wp\/v2\/posts"}],"about":[{"href":"https:\/\/www.europesays.com\/fr\/wp-json\/wp\/v2\/types\/post"}],"author":[{"embeddable":true,"href":"https:\/\/www.europesays.com\/fr\/wp-json\/wp\/v2\/users\/2"}],"replies":[{"embeddable":true,"href":"https:\/\/www.europesays.com\/fr\/wp-json\/wp\/v2\/comments?post=66119"}],"version-history":[{"count":0,"href":"https:\/\/www.europesays.com\/fr\/wp-json\/wp\/v2\/posts\/66119\/revisions"}],"wp:featuredmedia":[{"embeddable":true,"href":"https:\/\/www.europesays.com\/fr\/wp-json\/wp\/v2\/media\/66120"}],"wp:attachment":[{"href":"https:\/\/www.europesays.com\/fr\/wp-json\/wp\/v2\/media?parent=66119"}],"wp:term":[{"taxonomy":"category","embeddable":true,"href":"https:\/\/www.europesays.com\/fr\/wp-json\/wp\/v2\/categories?post=66119"},{"taxonomy":"post_tag","embeddable":true,"href":"https:\/\/www.europesays.com\/fr\/wp-json\/wp\/v2\/tags?post=66119"}],"curies":[{"name":"wp","href":"https:\/\/api.w.org\/{rel}","templated":true}]}}