{"id":661192,"date":"2026-01-13T18:38:14","date_gmt":"2026-01-13T18:38:14","guid":{"rendered":"https:\/\/www.europesays.com\/fr\/661192\/"},"modified":"2026-01-13T18:38:14","modified_gmt":"2026-01-13T18:38:14","slug":"france-usa-reprise-des-negociations-sur-la-taxe-des-geants-du-numerique-toute-lactualite-en-france-et-dans-le-monde","status":"publish","type":"post","link":"https:\/\/www.europesays.com\/fr\/661192\/","title":{"rendered":"France-USA : Reprise des n\u00e9gociations sur la taxe des g\u00e9ants du num\u00e9rique | Toute l\u2019actualit\u00e9 en France et dans le Monde"},"content":{"rendered":"\n<p>La France et les \u00c9tats-Unis vont reprendre les discussions sur la fiscalit\u00e9 minimale des g\u00e9ants du num\u00e9rique. Le ministre fran\u00e7ais de l&rsquo;\u00c9conomie, Roland Lescure, a annonc\u00e9 mardi cet accord qui vise \u00e0 \u00e9viter des mesures de r\u00e9torsion commerciales am\u00e9ricaines contre des secteurs fran\u00e7ais.<\/p>\n<p>L&rsquo;annonce intervient apr\u00e8s une rencontre entre Roland Lescure et son homologue am\u00e9ricain Scott Bessent lundi \u00e0 Washington. Le ministre fran\u00e7ais a salu\u00e9 devant l&rsquo;Assembl\u00e9e nationale \u00abune avanc\u00e9e majeure\u00bb. Il a d\u00e9crit la discussion avec son homologue comme \u00abextr\u00eamement franche et sinc\u00e8re, comme on doit le faire entre des amis de 250 ans\u00bb.<\/p>\n<p>L&rsquo;objectif principal de ces discussions est d&rsquo;\u00e9viter des repr\u00e9sailles am\u00e9ricaines. \u00abJe m&rsquo;\u00e9tais engag\u00e9 \u00e0 ce que les discussions multilat\u00e9rales puissent reprendre, pour \u00e9viter \u00e9videmment des mesures de r\u00e9torsion qui s&rsquo;appliqueraient \u00e0 un certain nombre de secteurs fran\u00e7ais\u00bb, a expliqu\u00e9 Roland Lescure devant les d\u00e9put\u00e9s.<\/p>\n<p>Tensions autour de la taxe Gafa<\/p>\n<p>Les tensions entre Paris et Washington sur la fiscalit\u00e9 du num\u00e9rique datent de 2019, ann\u00e9e o\u00f9 la France a cr\u00e9\u00e9 sa taxe sur les g\u00e9ants du num\u00e9rique (Google, Amazon, Facebook, Apple). Les \u00c9tats-Unis consid\u00e8rent cette taxe comme visant sp\u00e9cifiquement les entreprises am\u00e9ricaines, tandis que la France critique les exemptions fiscales qui favorisent la comp\u00e9titivit\u00e9 de ces g\u00e9ants.<\/p>\n<p>Le Canada avait copi\u00e9 cette taxe fran\u00e7aise en 2024 avant de l&rsquo;abandonner en 2025. La question est particuli\u00e8rement sensible au sein de l&rsquo;Union europ\u00e9enne, o\u00f9 l&rsquo;Irlande h\u00e9berge la majorit\u00e9 des filiales europ\u00e9ennes des g\u00e9ants num\u00e9riques am\u00e9ricains.<\/p>\n","protected":false},"excerpt":{"rendered":"La France et les \u00c9tats-Unis vont reprendre les discussions sur la fiscalit\u00e9 minimale des g\u00e9ants du num\u00e9rique. Le&hellip;\n","protected":false},"author":2,"featured_media":661193,"comment_status":"","ping_status":"","sticky":false,"template":"","format":"standard","meta":{"footnotes":""},"categories":[1589],"tags":[11,73,1866,40480,12,1864,1865,1863,308],"class_list":{"0":"post-661192","1":"post","2":"type-post","3":"status-publish","4":"format-standard","5":"has-post-thumbnail","7":"category-etats-unis","8":"tag-actualites","9":"tag-etats-unis","10":"tag-etats-unis-damerique","11":"tag-money-business","12":"tag-news","13":"tag-united-states","14":"tag-united-states-of-america","15":"tag-us","16":"tag-usa"},"share_on_mastodon":{"url":"https:\/\/pubeurope.com\/@fr\/115889248978319638","error":""},"_links":{"self":[{"href":"https:\/\/www.europesays.com\/fr\/wp-json\/wp\/v2\/posts\/661192","targetHints":{"allow":["GET"]}}],"collection":[{"href":"https:\/\/www.europesays.com\/fr\/wp-json\/wp\/v2\/posts"}],"about":[{"href":"https:\/\/www.europesays.com\/fr\/wp-json\/wp\/v2\/types\/post"}],"author":[{"embeddable":true,"href":"https:\/\/www.europesays.com\/fr\/wp-json\/wp\/v2\/users\/2"}],"replies":[{"embeddable":true,"href":"https:\/\/www.europesays.com\/fr\/wp-json\/wp\/v2\/comments?post=661192"}],"version-history":[{"count":0,"href":"https:\/\/www.europesays.com\/fr\/wp-json\/wp\/v2\/posts\/661192\/revisions"}],"wp:featuredmedia":[{"embeddable":true,"href":"https:\/\/www.europesays.com\/fr\/wp-json\/wp\/v2\/media\/661193"}],"wp:attachment":[{"href":"https:\/\/www.europesays.com\/fr\/wp-json\/wp\/v2\/media?parent=661192"}],"wp:term":[{"taxonomy":"category","embeddable":true,"href":"https:\/\/www.europesays.com\/fr\/wp-json\/wp\/v2\/categories?post=661192"},{"taxonomy":"post_tag","embeddable":true,"href":"https:\/\/www.europesays.com\/fr\/wp-json\/wp\/v2\/tags?post=661192"}],"curies":[{"name":"wp","href":"https:\/\/api.w.org\/{rel}","templated":true}]}}