{"id":661194,"date":"2026-01-13T18:39:12","date_gmt":"2026-01-13T18:39:12","guid":{"rendered":"https:\/\/www.europesays.com\/fr\/661194\/"},"modified":"2026-01-13T18:39:12","modified_gmt":"2026-01-13T18:39:12","slug":"le-maroc-partenaire-cle-du-royaume-uni-dans-le-bassin-mediterraneen-h24info","status":"publish","type":"post","link":"https:\/\/www.europesays.com\/fr\/661194\/","title":{"rendered":"le Maroc, partenaire cl\u00e9 du Royaume-Uni dans le bassin m\u00e9diterran\u00e9en , H24info"},"content":{"rendered":"<p>La r\u00e9daction vous conseille<\/p>\n<p><a href=\"https:\/\/h24info.ma\/economie\/tomates-les-exportations-marocaines-vers-lespagne-bondissent-de-55\/\" class=\"h24-ranking-profile-link\" data-h24-domain=\"H24info\" target=\"_blank\" rel=\"noopener\"><\/p>\n<p>Tomates: les exportations marocaines vers l\u2019Espagne bondissent de 55%<br \/>\n<\/a><\/p>\n<p class=\"h24-ranking-profile-standfirst\">\nDepuis l\u2019entr\u00e9e en vigueur de l\u2019accord d\u2019association en 2021, les \u00e9changes entre Rabat et Londres ne cessent de cro\u00eetre. Un dynamisme <a href=\"https:\/\/h24info.ma\/economie\/tomates-les-exportations-marocaines-vers-lespagne-bondissent-de-55\/\" style=\"color:#002fff;\" target=\"_blank\" rel=\"noopener\">Lire la suite<\/a> <\/p>\n<p><a href=\"https:\/\/h24info.ma\/maroc\/espagne-benkirane-sebta-et-melilia\/\" class=\"h24-ranking-profile-link\" data-h24-domain=\"H24info\" target=\"_blank\" rel=\"noopener\"><\/p>\n<p>Espagne : la presse critique les d\u00e9clarations de Benkirane sur Sebta et Melilia<br \/>\n<\/a><\/p>\n<p class=\"h24-ranking-profile-standfirst\">\nDepuis l\u2019entr\u00e9e en vigueur de l\u2019accord d\u2019association en 2021, les \u00e9changes entre Rabat et Londres ne cessent de cro\u00eetre. Un dynamisme <a href=\"https:\/\/h24info.ma\/maroc\/espagne-benkirane-sebta-et-melilia\/\" style=\"color:#002fff;\" target=\"_blank\" rel=\"noopener\">Lire la suite<\/a> <\/p>\n<p><a href=\"https:\/\/h24info.ma\/special-can\/can-2025-ce-que-regragui-et-chelle-ont-dit-avant-nigeria-maroc\/\" class=\"h24-ranking-profile-link\" data-h24-domain=\"H24info\" target=\"_blank\" rel=\"noopener\"><\/p>\n<p>CAN 2025: ce que Regragui et Chelle ont dit avant Nigeria-Maroc<br \/>\n<\/a><\/p>\n<p class=\"h24-ranking-profile-standfirst\">\nDepuis l\u2019entr\u00e9e en vigueur de l\u2019accord d\u2019association en 2021, les \u00e9changes entre Rabat et Londres ne cessent de cro\u00eetre. Un dynamisme <a href=\"https:\/\/h24info.ma\/special-can\/can-2025-ce-que-regragui-et-chelle-ont-dit-avant-nigeria-maroc\/\" style=\"color:#002fff;\" target=\"_blank\" rel=\"noopener\">Lire la suite<\/a> <\/p>\n<p><a href=\"https:\/\/h24info.ma\/special-can\/can-2025-voici-les-arbitres-des-demi-finales-nigeria-maroc-et-senegal-egypte\/\" class=\"h24-ranking-profile-link\" data-h24-domain=\"H24info\" target=\"_blank\" rel=\"noopener\"><\/p>\n<p>CAN 2025: voici les arbitres des demi-finales Nigeria-Maroc et S\u00e9n\u00e9gal-Egypte<br \/>\n<\/a><\/p>\n<p class=\"h24-ranking-profile-standfirst\">\nDepuis l\u2019entr\u00e9e en vigueur de l\u2019accord d\u2019association en 2021, les \u00e9changes entre Rabat et Londres ne cessent de cro\u00eetre. Un dynamisme <a href=\"https:\/\/h24info.ma\/special-can\/can-2025-voici-les-arbitres-des-demi-finales-nigeria-maroc-et-senegal-egypte\/\" style=\"color:#002fff;\" target=\"_blank\" rel=\"noopener\">Lire la suite<\/a> <\/p>\n","protected":false},"excerpt":{"rendered":"La r\u00e9daction vous conseille Tomates: les exportations marocaines vers l\u2019Espagne bondissent de 55% Depuis l\u2019entr\u00e9e en vigueur de&hellip;\n","protected":false},"author":2,"featured_media":661195,"comment_status":"","ping_status":"","sticky":false,"template":"","format":"standard","meta":{"footnotes":""},"categories":[1588],"tags":[11,1777,674,12,473,1853,1851,1850,1852],"class_list":{"0":"post-661194","1":"post","2":"type-post","3":"status-publish","4":"format-standard","5":"has-post-thumbnail","7":"category-royaume-uni","8":"tag-actualites","9":"tag-eu","10":"tag-europe","11":"tag-news","12":"tag-royaume-uni","13":"tag-royaume-uni-de-grande-bretagne-et-dirlande-du-nord","14":"tag-uk","15":"tag-united-kingdom","16":"tag-united-kingdom-of-great-britain-and-northern-ireland"},"share_on_mastodon":{"url":"https:\/\/pubeurope.com\/@fr\/115889253005391017","error":""},"_links":{"self":[{"href":"https:\/\/www.europesays.com\/fr\/wp-json\/wp\/v2\/posts\/661194","targetHints":{"allow":["GET"]}}],"collection":[{"href":"https:\/\/www.europesays.com\/fr\/wp-json\/wp\/v2\/posts"}],"about":[{"href":"https:\/\/www.europesays.com\/fr\/wp-json\/wp\/v2\/types\/post"}],"author":[{"embeddable":true,"href":"https:\/\/www.europesays.com\/fr\/wp-json\/wp\/v2\/users\/2"}],"replies":[{"embeddable":true,"href":"https:\/\/www.europesays.com\/fr\/wp-json\/wp\/v2\/comments?post=661194"}],"version-history":[{"count":0,"href":"https:\/\/www.europesays.com\/fr\/wp-json\/wp\/v2\/posts\/661194\/revisions"}],"wp:featuredmedia":[{"embeddable":true,"href":"https:\/\/www.europesays.com\/fr\/wp-json\/wp\/v2\/media\/661195"}],"wp:attachment":[{"href":"https:\/\/www.europesays.com\/fr\/wp-json\/wp\/v2\/media?parent=661194"}],"wp:term":[{"taxonomy":"category","embeddable":true,"href":"https:\/\/www.europesays.com\/fr\/wp-json\/wp\/v2\/categories?post=661194"},{"taxonomy":"post_tag","embeddable":true,"href":"https:\/\/www.europesays.com\/fr\/wp-json\/wp\/v2\/tags?post=661194"}],"curies":[{"name":"wp","href":"https:\/\/api.w.org\/{rel}","templated":true}]}}