{"id":661204,"date":"2026-01-13T18:44:15","date_gmt":"2026-01-13T18:44:15","guid":{"rendered":"https:\/\/www.europesays.com\/fr\/661204\/"},"modified":"2026-01-13T18:44:15","modified_gmt":"2026-01-13T18:44:15","slug":"la-bourse-de-paris-en-baisse-apres-linflation-americaine-13-01-2026-a-1823","status":"publish","type":"post","link":"https:\/\/www.europesays.com\/fr\/661204\/","title":{"rendered":"La Bourse de Paris en baisse apr\u00e8s l&rsquo;inflation am\u00e9ricaine &#8211; 13\/01\/2026 \u00e0 18:23"},"content":{"rendered":"<p>        <img decoding=\"async\" src=\"https:\/\/www.europesays.com\/fr\/wp-content\/uploads\/2026\/01\/451abcaa728713a18b0a36d29c635040-760x454.jpg\" alt=\"La salle de contr\u00f4le d'Euronext, soci\u00e9t\u00e9 qui g\u00e8re la Bourse de Paris ( AFP \/ ERIC PIERMONT )\" loading=\"eager\" fetchpriority=\"high\" width=\"760\" height=\"454\" style=\"max-width: 100%!important; height: auto;\"\/><\/p>\n<p class=\"c-image-news__legend\">La salle de contr\u00f4le d&rsquo;Euronext, soci\u00e9t\u00e9 qui g\u00e8re la Bourse de Paris ( AFP \/ ERIC PIERMONT )<\/p>\n<p>\n La Bourse de Paris a fini en l\u00e9g\u00e8re baisse mardi manquant d&rsquo;entrain apr\u00e8s la publication des chiffres de l&rsquo;inflation am\u00e9ricaine qui semblent \u00e9carter une baisse des taux de la Fed en janvier.\n<\/p>\n<p>\n Le CAC 40 a termin\u00e9 la journ\u00e9e en petite forme (-0,14%), perdant 11,56 points \u00e0 8347,20 points. La veille, l&rsquo;indice vedette parisien \u00e9tait rest\u00e9 stable (-0,04%).\n<\/p>\n<p>\n Aux Etats-Unis, l&rsquo;indice CPI de l&rsquo;inflation en d\u00e9cembre, publi\u00e9 mardi, est rest\u00e9 stable par rapport \u00e0 novembre, \u00e0 2,7% sur un an. Inf\u00e9rieur aux attentes mais toujours sup\u00e9rieur \u00e0 l&rsquo;objectif de 2% de la R\u00e9serve f\u00e9d\u00e9rale am\u00e9ricaine (Fed).\n<\/p>\n<p>\n Les analystes estiment majoritairement que cela devrait convaincre la Fed de maintenir ses taux \u00e0 leur niveau lors de sa prochaine r\u00e9union de politique mon\u00e9taire, les 27 et 28 janvier, de nouvelles baisses \u00e9tant cependant \u00e0 pr\u00e9voir en 2026.\n<\/p>\n<p>\n L&rsquo;indice \u00ab\u00a0permet au moins de temp\u00e9rer un discours autrement tr\u00e8s restrictif de la part des responsables de la Fed\u00a0\u00bb, selon Christophe Boucher, d&rsquo;ABN AMRO Investment Solutions.\n<\/p>\n<p>\n L&rsquo;institution fait par ailleurs toujours face aux pressions de Donald Trump pour baisser les taux. Et son pr\u00e9sident Jerome Powell a rendu publique dimanche, dans un rare message, une proc\u00e9dure lanc\u00e9e \u00e0 son encontre par le minist\u00e8re am\u00e9ricain de la Justice.\n<\/p>\n<p>\n Les dirigeants de grandes banques centrales, parmi lesquels la Banque centrale europ\u00e9enne, ou celles du Canada, d&rsquo;Angleterre et du Br\u00e9sil, ont apport\u00e9 mardi leur soutien \u00e0 Jerome Powell, et des personnalit\u00e9s am\u00e9ricaines de tous bords ont d\u00e9fendu avec force l&rsquo;ind\u00e9pendance de la Fed, selon elles menac\u00e9e par une tentative de d\u00e9stabilisation in\u00e9dite du gouvernement Trump.\n<\/p>\n<p>\n En France, les acteurs de march\u00e9 restent attentifs \u00e0 la situation politique et budg\u00e9taire alors que les d\u00e9put\u00e9s entament mardi une nouvelle lecture du projet de loi de Finances, en pr\u00e9sence du Premier ministre.\n<\/p>\n<p>\n Mais \u00ab\u00a0pour le moment, \u00e0 Paris, on n&rsquo;a pas l&rsquo;impression que la politique fran\u00e7aise ait un impact significatif sur la Bourse\u00a0\u00bb, souligne Bastien Drut, responsable de la strat\u00e9gie et des \u00e9tudes \u00e9conomiques de CPR AM, \u00e0 l&rsquo;AFP.\n<\/p>\n<p>\n \u00ab\u00a0Dans l&rsquo;hypoth\u00e8se d&rsquo;une dissolution, l&rsquo;incertitude \u00e9conomique qui en d\u00e9coulerait pourrait en revanche avoir un impact\u00a0\u00bb, pr\u00e9vient-il.\n<\/p>\n<p>\n Faute d&rsquo;accord trouv\u00e9 en fin d&rsquo;ann\u00e9e, le projet de budget de l&rsquo;Etat est revenu mardi dans l&rsquo;h\u00e9micycle, sans majorit\u00e9 en vue et avec un recours au 49.3 qui para\u00eet de plus en plus difficile \u00e0 \u00e9viter. \u00ab\u00a0Le budget est \u00e0 port\u00e9e de main\u00a0\u00bb, a cependant affirm\u00e9 le ministre de l&rsquo;Economie Roland Lescure aux d\u00e9put\u00e9s.\n<\/p>\n<p>\n S\u00e9bastien Lecornu a par ailleurs agit\u00e9 vendredi le spectre d&rsquo;\u00e9lections l\u00e9gislatives anticip\u00e9es en cas de censure, expliquant ensuite qu&rsquo;il ne souhaitait pas ce sc\u00e9nario mais voulait \u00ab\u00a0la stabilit\u00e9 et repousser le d\u00e9sordre\u00a0\u00bb.\n<\/p>\n<p>\n C\u00f4t\u00e9 obligataire, le rendement d&#8217;emprunt de la France \u00e0 dix ans a atteint 3,52%, contre 3,50% lundi en cl\u00f4ture, quand son \u00e9quivalent allemand, r\u00e9f\u00e9rence en Europe, a fini \u00e0 2,84%, contre 2,83%.\n<\/p>\n<p> TotalEnergies profite de la hausse du p\u00e9trole<\/p>\n<p>\n Le groupe p\u00e9trolier a termin\u00e9 la s\u00e9ance en hausse de 2,21%, \u00e0 56,53 euros, profitant de la hausse des cours du p\u00e9trole, apr\u00e8s la menace par Donald Trump lundi que tout pays commer\u00e7ant avec l&rsquo;Iran serait frapp\u00e9 de droits de douane de 25% par les Etats-Unis.\n<\/p>\n<p>\n En outre, le patron de TotalEnergies Patrick Pouyann\u00e9 a affirm\u00e9 mardi qu&rsquo;un \u00e9ventuel retour du groupe fran\u00e7ais dans le p\u00e9trole v\u00e9n\u00e9zu\u00e9lien ne figurait \u00ab\u00a0pas en haut de (sa) liste de priorit\u00e9s\u00a0\u00bb.\n<\/p>\n<p>\n Euronext CAC40<\/p>\n","protected":false},"excerpt":{"rendered":"La salle de contr\u00f4le d&rsquo;Euronext, soci\u00e9t\u00e9 qui g\u00e8re la Bourse de Paris ( AFP \/ ERIC PIERMONT )&hellip;\n","protected":false},"author":2,"featured_media":636737,"comment_status":"","ping_status":"","sticky":false,"template":"","format":"standard","meta":{"footnotes":""},"categories":[2],"tags":[400,11,398,408,405,1011,27,403,402,399,404,12,25,401,406,407],"class_list":{"0":"post-661204","1":"post","2":"type-post","3":"status-publish","4":"format-standard","5":"has-post-thumbnail","7":"category-actualites","8":"tag-action-cac-40","9":"tag-actualites","10":"tag-bourse-de-paris","11":"tag-boursorama","12":"tag-cotations","13":"tag-fr","14":"tag-france","15":"tag-indices-devises","16":"tag-investir","17":"tag-investissement","18":"tag-marche-boursier","19":"tag-news","20":"tag-republique-francaise","21":"tag-sicav","22":"tag-trackers","23":"tag-warrants"},"share_on_mastodon":{"url":"https:\/\/pubeurope.com\/@fr\/115889272558716576","error":""},"_links":{"self":[{"href":"https:\/\/www.europesays.com\/fr\/wp-json\/wp\/v2\/posts\/661204","targetHints":{"allow":["GET"]}}],"collection":[{"href":"https:\/\/www.europesays.com\/fr\/wp-json\/wp\/v2\/posts"}],"about":[{"href":"https:\/\/www.europesays.com\/fr\/wp-json\/wp\/v2\/types\/post"}],"author":[{"embeddable":true,"href":"https:\/\/www.europesays.com\/fr\/wp-json\/wp\/v2\/users\/2"}],"replies":[{"embeddable":true,"href":"https:\/\/www.europesays.com\/fr\/wp-json\/wp\/v2\/comments?post=661204"}],"version-history":[{"count":0,"href":"https:\/\/www.europesays.com\/fr\/wp-json\/wp\/v2\/posts\/661204\/revisions"}],"wp:featuredmedia":[{"embeddable":true,"href":"https:\/\/www.europesays.com\/fr\/wp-json\/wp\/v2\/media\/636737"}],"wp:attachment":[{"href":"https:\/\/www.europesays.com\/fr\/wp-json\/wp\/v2\/media?parent=661204"}],"wp:term":[{"taxonomy":"category","embeddable":true,"href":"https:\/\/www.europesays.com\/fr\/wp-json\/wp\/v2\/categories?post=661204"},{"taxonomy":"post_tag","embeddable":true,"href":"https:\/\/www.europesays.com\/fr\/wp-json\/wp\/v2\/tags?post=661204"}],"curies":[{"name":"wp","href":"https:\/\/api.w.org\/{rel}","templated":true}]}}