{"id":661209,"date":"2026-01-13T18:47:42","date_gmt":"2026-01-13T18:47:42","guid":{"rendered":"https:\/\/www.europesays.com\/fr\/661209\/"},"modified":"2026-01-13T18:47:42","modified_gmt":"2026-01-13T18:47:42","slug":"le-panathinaikos-a-fait-le-plein-de-confiance-avant-de-recevoir-lalterna-stade-poitevin","status":"publish","type":"post","link":"https:\/\/www.europesays.com\/fr\/661209\/","title":{"rendered":"Le Panathina\u00efkos a fait le plein de confiance avant de recevoir l\u2019Alterna Stade Poitevin"},"content":{"rendered":"<p>Contrairement \u00e0 l\u2019Alterna Stade Poitevin, <a target=\"_self\" href=\"https:\/\/www.lanouvellerepublique.fr\/poitiers\/coupe-cev-l-alterna-stade-poitevin-va-affronter-une-tres-belle-equipe-du-panathinaikos-selon-axel-truhtchev-1765092986\" rel=\"noopener\">le Panathina\u00efkos<\/a> a su remporter son premier match de l\u2019ann\u00e9e 2026, samedi, \u00e0 domicile, contre Kalamata (3-1). Sans le r\u00e9ceptionneur-attaquant Ukrainien Yanchuk et avec Th\u00e9odoros Voulkid&#8230; <\/p>\n<p>    Cet article a \u00e9t\u00e9 tronqu\u00e9. Abonnez-vous pour lire l&rsquo;article complet sur notre site.<\/p>\n<p style=\"margin: 0 !important; padding: 0 !important; font-size: 12px !important;\">Cet article a \u00e9t\u00e9 tronqu\u00e9. Abonnez-vous pour lire l&rsquo;article complet.<\/p>\n<p>    <a href=\"https:\/\/www.lanouvellerepublique.fr\/abonnements\" style=\"display: inline-block; margin-top: 5px !important; padding: 6px 12px !important; background: #cb1c27; color: white; text-decoration: none; border-radius: 4px; font-size: 12px !important;\" target=\"_blank\" rel=\"noopener\"><br \/>\n      S&rsquo;abonner<br \/>\n    <\/a><\/p>\n","protected":false},"excerpt":{"rendered":"Contrairement \u00e0 l\u2019Alterna Stade Poitevin, le Panathina\u00efkos a su remporter son premier match de l\u2019ann\u00e9e 2026, samedi, \u00e0&hellip;\n","protected":false},"author":2,"featured_media":661210,"comment_status":"","ping_status":"","sticky":false,"template":"","format":"standard","meta":{"footnotes":""},"categories":[1417],"tags":[1654,39145,1011,27,1653,60,1584,1470,1469],"class_list":{"0":"post-661209","1":"post","2":"type-post","3":"status-publish","4":"format-standard","5":"has-post-thumbnail","7":"category-volley","8":"tag-alterna-stade-poitevin-volley-ball","9":"tag-coupe-deurope-volley","10":"tag-fr","11":"tag-france","12":"tag-poitiers","13":"tag-sports","14":"tag-vienne","15":"tag-volley","16":"tag-volleyball"},"share_on_mastodon":{"url":"https:\/\/pubeurope.com\/@fr\/115889284299664653","error":""},"_links":{"self":[{"href":"https:\/\/www.europesays.com\/fr\/wp-json\/wp\/v2\/posts\/661209","targetHints":{"allow":["GET"]}}],"collection":[{"href":"https:\/\/www.europesays.com\/fr\/wp-json\/wp\/v2\/posts"}],"about":[{"href":"https:\/\/www.europesays.com\/fr\/wp-json\/wp\/v2\/types\/post"}],"author":[{"embeddable":true,"href":"https:\/\/www.europesays.com\/fr\/wp-json\/wp\/v2\/users\/2"}],"replies":[{"embeddable":true,"href":"https:\/\/www.europesays.com\/fr\/wp-json\/wp\/v2\/comments?post=661209"}],"version-history":[{"count":0,"href":"https:\/\/www.europesays.com\/fr\/wp-json\/wp\/v2\/posts\/661209\/revisions"}],"wp:featuredmedia":[{"embeddable":true,"href":"https:\/\/www.europesays.com\/fr\/wp-json\/wp\/v2\/media\/661210"}],"wp:attachment":[{"href":"https:\/\/www.europesays.com\/fr\/wp-json\/wp\/v2\/media?parent=661209"}],"wp:term":[{"taxonomy":"category","embeddable":true,"href":"https:\/\/www.europesays.com\/fr\/wp-json\/wp\/v2\/categories?post=661209"},{"taxonomy":"post_tag","embeddable":true,"href":"https:\/\/www.europesays.com\/fr\/wp-json\/wp\/v2\/tags?post=661209"}],"curies":[{"name":"wp","href":"https:\/\/api.w.org\/{rel}","templated":true}]}}