{"id":661211,"date":"2026-01-13T18:48:13","date_gmt":"2026-01-13T18:48:13","guid":{"rendered":"https:\/\/www.europesays.com\/fr\/661211\/"},"modified":"2026-01-13T18:48:13","modified_gmt":"2026-01-13T18:48:13","slug":"rugby-pro-d2-dans-les-meandres-de-la-course-au-maintien-entre-carcassonne-mont-de-marsan-dax-beziers-et-dans-une-moindre-mesure-biarritz","status":"publish","type":"post","link":"https:\/\/www.europesays.com\/fr\/661211\/","title":{"rendered":"Rugby \u2013 Pro D2\u00a0: dans les m\u00e9andres de la course au maintien entre Carcassonne, Mont-de-Marsan, Dax, B\u00e9ziers\u2026 et dans une moindre mesure Biarritz"},"content":{"rendered":"<p>\n                                                                L\u2019US Carcassonne pr\u00e9sente en cette seconde partie de saison, un calendrier favorable\u2026 \u00c0 condition de faire le job\u00a0! Au profit de huit r\u00e9ceptions (dont trois face \u00e0 des adversaires directs) et six d\u00e9placements, les Canaris gardent leurs chances de maintien intactes.\n                            <\/p>\n<p>        <img decoding=\"async\" class=\"std-img__img responsive-img\" src=\"https:\/\/www.europesays.com\/fr\/wp-content\/uploads\/2026\/01\/1768330093_598_image.jpg\" alt=\"L\u2019\u00e9tat des lieux en bas de classement de Pro D2.\"\/><\/p>\n<p>                L\u2019\u00e9tat des lieux en bas de classement de Pro D2.<br \/>\n                                    L&rsquo;Ind\u00e9pendant &#8211; Infographie<\/p>\n<p>Depuis la semaine pass\u00e9e, les Carcassonnais ont entam\u00e9 la phase retour de leur championnat. Et si m\u00eame leurs plus inconditionnels supporters n\u2019attendaient franchement pas grand-chose de leur premi\u00e8re \u00e9ch\u00e9ance 2026 \u00e0 Oyonnax, le voyage \u00e0 vide de leurs prot\u00e9g\u00e9s (d\u00e9faite 33-7) ne les a ni surpris, ni surtout \u00e9branl\u00e9 dans leurs espoirs de maintien.<\/p>\n<p>Il faut dire que l\u2019int\u00e9r\u00eat \u00e9tait ailleurs. Notamment au match suivant et \u00e0 la r\u00e9ception des Dacquois en fin de semaine au pied de la Cit\u00e9 (ce vendredi \u00e0 19\u00a0h\u00a030). Des Landais qui font justement partie des concurrents \u00e0 la rel\u00e9gation. Et sans vouloir mettre de pression inutile sur quiconque, ce soir-l\u00e0, il ne faudra pas se louper. Car une \u00e9vidence s\u2019est faite au terme de la premi\u00e8re ligne droite\u00a0: \u00e0 l\u2019int\u00e9rieur m\u00eame de cette comp\u00e9tition qu\u2019est la Pro D2, l\u2019US Carcassonne (16e avec 17 points) va disputer SON propre championnat.<\/p>\n<p>Un championnat r\u00e9duit \u00e0 quatre clubs avec<strong> B\u00e9ziers <\/strong>(13e, 22 points),<strong> Dax<\/strong> (14e, 21) et <strong>Mont-de-Marsan<\/strong> (15e, 18) Trois formations qu\u2019elle aura justement l\u2019avantage d\u2019accueillir. Dans une moindre mesure, ajoutons\u00a0un quatri\u00e8me larron, <strong>Biarritz<\/strong> (12e, 26 points). Des Biarrots qui pr\u00e9sentent le d\u00e9savantage de devoir encore se d\u00e9placer \u00e0 Dax, Mont-de-Marsan et B\u00e9ziers, alors qu\u2019ils recevront Carcassonne \u00e0 l\u2019occasion de la 30e et derni\u00e8re journ\u00e9e le 15\u00a0mai prochain.<\/p>\n<p>6 d\u00e9placements, 8 r\u00e9ceptions \u00e0 venir pour l\u2019USC<\/p>\n<p>Lanterne rouge au terme d\u2019une phase aller qui les a vus se produire davantage loin de leurs bases qu\u2019\u00e0 domicile (7 d\u00e9placements, 8 r\u00e9ceptions), les Canaris b\u00e9n\u00e9ficieront donc d\u2019une phase retour contraire, cens\u00e9e leur \u00eatre plus favorable. Du moins sur le papier.<\/p>\n<p>Car s\u2019ils vont passer plus de temps sur leur pr\u00e9 de Domec que sur ceux d\u2019adversaires, ils devront\u00a0aussi et surtout obligatoirement se montrer plus performants dans les quatre mois \u00e0 venir qu\u2019ils ne l\u2019ont \u00e9t\u00e9 lors des quatre pr\u00e9c\u00e9dents. Et notamment au pied de la Cit\u00e9, o\u00f9, jusqu\u2019alors, ils n\u2019ont connu que deux succ\u00e8s en sept matches (contre Oyonnax 19-17, puis Soyaux-Angoul\u00eame 35-31).<\/p>\n<p>\u00c0 premi\u00e8re vue, et sans surtout vouloir d\u00e9nigrer quiconque, les Dax (le 16\u00a0janvier), Aurillac (27\u00a0f\u00e9vrier), Mont-de-Marsan (27\u00a0mars), B\u00e9ziers (24\u00a0avril) voire Nevers (le 20\u00a0f\u00e9vrier), Grenoble (10\u00a0avril) et Brive (8\u00a0mai) semblent plus jouables\u00a0que Vannes (1er), Colomiers (2e) ou encore Valence-Romans (4e) et Agen (7e), en pleine bourre\u00a0lors de leurs venues \u00e0 Domec.<\/p>\n<p>7 d\u00e9placements, 7 r\u00e9ceptions pour B\u00e9ziers, Mont-de-Marsan et Dax<\/p>\n<p>Des formations actuellement class\u00e9es dans les quatre\u00a0derni\u00e8res de la Pro D2, Carcassonne aura l\u2019avantage de recevoir le plus grand nombre de fois (8 contre 7 pour ses concurrents). Qui plus est ses concurrents directs\u00a0! L\u2019US Dax aura pour sa part le handicap de se d\u00e9placer chez ses trois rivaux\u00a0: Carcassonne, B\u00e9ziers, Mont-de-Marsan. Enfin, si on s\u2019en tient au calendrier proprement dit, on ne peut pas dire qu\u2019une formation dispose d\u2019un calendrier plus favorable\u00a0que l\u2019autre.<\/p>\n<p>En effet, ni les Biterrois, ni les Dacquois, ni les Montois, pas plus les Carcassonnais, ne devront faire face \u00e0 la venue de plusieurs cadors de la comp\u00e9tition sur leurs terres. La plus grosse difficult\u00e9\u00a0pour l\u2019USC, l\u2019ASBH et l\u2019USD sera Provence Rugby, pour le Stade Montois, Valence Romans. En conclusion, il est fort \u00e0 parier que le maintien en Pro D2 se joue dans un mouchoir de poche. \u00c0 moins que d\u2019ici l\u00e0, l\u2019Autorit\u00e9 de r\u00e9gulation du rugby (A2R) ne s\u2019en m\u00eale encore en p\u00e9nalisant l\u2019un de ces clubs\u2026<\/p>\n","protected":false},"excerpt":{"rendered":"L\u2019US Carcassonne pr\u00e9sente en cette seconde partie de saison, un calendrier favorable\u2026 \u00c0 condition de faire le job\u00a0!&hellip;\n","protected":false},"author":2,"featured_media":661212,"comment_status":"","ping_status":"","sticky":false,"template":"","format":"standard","meta":{"footnotes":""},"categories":[1416],"tags":[4086,14043,1011,27,479,1468,68796,517,60],"class_list":{"0":"post-661211","1":"post","2":"type-post","3":"status-publish","4":"format-standard","5":"has-post-thumbnail","7":"category-rugby","8":"tag-aude","9":"tag-carcassonne","10":"tag-fr","11":"tag-france","12":"tag-rugby","13":"tag-rugby-football","14":"tag-rugby-u00e0-xv","15":"tag-sport","16":"tag-sports"},"share_on_mastodon":{"url":"https:\/\/pubeurope.com\/@fr\/115889288552315694","error":""},"_links":{"self":[{"href":"https:\/\/www.europesays.com\/fr\/wp-json\/wp\/v2\/posts\/661211","targetHints":{"allow":["GET"]}}],"collection":[{"href":"https:\/\/www.europesays.com\/fr\/wp-json\/wp\/v2\/posts"}],"about":[{"href":"https:\/\/www.europesays.com\/fr\/wp-json\/wp\/v2\/types\/post"}],"author":[{"embeddable":true,"href":"https:\/\/www.europesays.com\/fr\/wp-json\/wp\/v2\/users\/2"}],"replies":[{"embeddable":true,"href":"https:\/\/www.europesays.com\/fr\/wp-json\/wp\/v2\/comments?post=661211"}],"version-history":[{"count":0,"href":"https:\/\/www.europesays.com\/fr\/wp-json\/wp\/v2\/posts\/661211\/revisions"}],"wp:featuredmedia":[{"embeddable":true,"href":"https:\/\/www.europesays.com\/fr\/wp-json\/wp\/v2\/media\/661212"}],"wp:attachment":[{"href":"https:\/\/www.europesays.com\/fr\/wp-json\/wp\/v2\/media?parent=661211"}],"wp:term":[{"taxonomy":"category","embeddable":true,"href":"https:\/\/www.europesays.com\/fr\/wp-json\/wp\/v2\/categories?post=661211"},{"taxonomy":"post_tag","embeddable":true,"href":"https:\/\/www.europesays.com\/fr\/wp-json\/wp\/v2\/tags?post=661211"}],"curies":[{"name":"wp","href":"https:\/\/api.w.org\/{rel}","templated":true}]}}