{"id":661213,"date":"2026-01-13T18:49:10","date_gmt":"2026-01-13T18:49:10","guid":{"rendered":"https:\/\/www.europesays.com\/fr\/661213\/"},"modified":"2026-01-13T18:49:10","modified_gmt":"2026-01-13T18:49:10","slug":"wta-hobart-les-francaises-et-v-williams-au-tapis-sports","status":"publish","type":"post","link":"https:\/\/www.europesays.com\/fr\/661213\/","title":{"rendered":"WTA &#8211; Hobart : Les Fran\u00e7aises et V.Williams au tapis : Sports"},"content":{"rendered":"<p class=\"date\">\n                                                            Aur\u00e9lie Sacchelli, Media365, publi\u00e9 le mardi 13 janvier 2026 \u00e0 17h59\n                                                    <\/p>\n<p>Il n&rsquo;y a plus de Fran\u00e7aises au tournoi WTA de Hobart, apr\u00e8s les \u00e9liminations de Varvara Gracheva et Elsa Jacquemot ce mardi. Venus Williams a \u00e9galement \u00e9t\u00e9 battue.<\/p>\n<p>La saison 2026 d\u00e9marre bien mal pour le tennis f\u00e9minin fran\u00e7ais. Alors que la n\u00b01 tricolore,<a href=\"https:\/\/sports.orange.fr\/tennis\/open-australie\/article\/open-d-australie-f-boisson-declare-forfait-CNT000002mABMP.html\" target=\"_blank\" rel=\"noopener\"> Lo\u00efs Boisson, a \u00e9t\u00e9 contrainte de d\u00e9clarer forfait pour l&rsquo;Open d&rsquo;Australie<\/a>, celles qui la suivent au classement ne brillent pas non plus. Respectivement n\u00b02 et n\u00b03 fran\u00e7aises, Elsa Jacquemot et Varvara Gracheva ont \u00e9t\u00e9 \u00e9limin\u00e9es d\u00e8s leur entr\u00e9e en lice \u00e0 Hobart, pour leur dernier tournoi de pr\u00e9paration avant le premier tournoi du Grand Chelem de l&rsquo;ann\u00e9e. La Lyonnaise, 58e mondiale et d\u00e9j\u00e0 \u00e9limin\u00e9e au premier tour la semaine pass\u00e9e \u00e0 Brisbane, est tomb\u00e9e face \u00e0 la joueuse class\u00e9e un rang devant elle, Magdalena Frech. <strong>La Polonaise, qui menait 2-1 dans leurs confrontations, l&rsquo;a emport\u00e9 sur le score de 6-4, 6-0 en 1h05.<\/strong> Elle a sauv\u00e9 les quatre balles de break que s&rsquo;est procur\u00e9 Jacquemot, et a converti ses quatre balles de break, \u00e0 2-2 dans le premier set et \u00e0 0-0, 2-0 et 4-0 dans le deuxi\u00e8me. Un tournoi \u00e0 oublier pour la Lyonnaise de 22 ans, que l&rsquo;on retrouvera \u00e0 Melbourne o\u00f9 elle sera dans le tableau principal pour la premi\u00e8re fois de sa carri\u00e8re.<\/p>\n<p>Gracheva en difficult\u00e9 au service<\/p>\n<p>Varvara Gracheva (74e) d\u00e9fiait quant \u00e0 elle une joueuse class\u00e9e deux rangs devant elle, Rebecca Sramkova<strong>. Et la Fran\u00e7aise de 25 ans, qui avait battu la Tch\u00e8que sur le gazon d&rsquo;Eastbourne en juin dernier, s&rsquo;est inclin\u00e9e en trois sets et 1h57 de jeu : 6-4, 4-6, 6-2 dans un match \u00e0 douze breaks.<\/strong> Apr\u00e8s avoir men\u00e9 3-1 30-15, Gracheva a finalement perdu le premier set 6-4. Elle a remport\u00e9 le deuxi\u00e8me gr\u00e2ce \u00e0 un break blanc \u00e0 5-4, mais dans le troisi\u00e8me, Sramkova a largement domin\u00e9, en prenant deux fois le service adverse. La Fran\u00e7aise va d\u00e9sormais prendre le chemin de Melbourne, o\u00f9 elle s&rsquo;\u00e9tait inclin\u00e9e au deuxi\u00e8me tour l&rsquo;an pass\u00e9.<\/p>\n<p>Toujours pas de victoire pour V.Williams<\/p>\n<p>Ag\u00e9e de 45 ans, Venus Williams n&rsquo;est pas parvenue \u00e0 remporter son premier match depuis juillet. <strong>L&rsquo;Am\u00e9ricaine, invit\u00e9e par les organisateurs, s&rsquo;est inclin\u00e9e 6-4, 6-3 contre Tatjana Maria (42e) en perdant cinq fois son service.<\/strong> Ca passe en revanche pour sa jeune compatriote Iva Jovic (18 ans, 30e), qui n&rsquo;a laiss\u00e9 qu&rsquo;un jeu \u00e0 l&rsquo;Indon\u00e9sienne Janice Tjen, battue 6-0, 6-1 en 57 minutes.<\/p>\n","protected":false},"excerpt":{"rendered":"Aur\u00e9lie Sacchelli, Media365, publi\u00e9 le mardi 13 janvier 2026 \u00e0 17h59 Il n&rsquo;y a plus de Fran\u00e7aises au&hellip;\n","protected":false},"author":2,"featured_media":661214,"comment_status":"","ping_status":"","sticky":false,"template":"","format":"standard","meta":{"footnotes":""},"categories":[1415],"tags":[1011,27,60,1467],"class_list":{"0":"post-661213","1":"post","2":"type-post","3":"status-publish","4":"format-standard","5":"has-post-thumbnail","7":"category-tennis","8":"tag-fr","9":"tag-france","10":"tag-sports","11":"tag-tennis"},"share_on_mastodon":{"url":"https:\/\/pubeurope.com\/@fr\/115889292099856253","error":""},"_links":{"self":[{"href":"https:\/\/www.europesays.com\/fr\/wp-json\/wp\/v2\/posts\/661213","targetHints":{"allow":["GET"]}}],"collection":[{"href":"https:\/\/www.europesays.com\/fr\/wp-json\/wp\/v2\/posts"}],"about":[{"href":"https:\/\/www.europesays.com\/fr\/wp-json\/wp\/v2\/types\/post"}],"author":[{"embeddable":true,"href":"https:\/\/www.europesays.com\/fr\/wp-json\/wp\/v2\/users\/2"}],"replies":[{"embeddable":true,"href":"https:\/\/www.europesays.com\/fr\/wp-json\/wp\/v2\/comments?post=661213"}],"version-history":[{"count":0,"href":"https:\/\/www.europesays.com\/fr\/wp-json\/wp\/v2\/posts\/661213\/revisions"}],"wp:featuredmedia":[{"embeddable":true,"href":"https:\/\/www.europesays.com\/fr\/wp-json\/wp\/v2\/media\/661214"}],"wp:attachment":[{"href":"https:\/\/www.europesays.com\/fr\/wp-json\/wp\/v2\/media?parent=661213"}],"wp:term":[{"taxonomy":"category","embeddable":true,"href":"https:\/\/www.europesays.com\/fr\/wp-json\/wp\/v2\/categories?post=661213"},{"taxonomy":"post_tag","embeddable":true,"href":"https:\/\/www.europesays.com\/fr\/wp-json\/wp\/v2\/tags?post=661213"}],"curies":[{"name":"wp","href":"https:\/\/api.w.org\/{rel}","templated":true}]}}