{"id":661215,"date":"2026-01-13T18:53:12","date_gmt":"2026-01-13T18:53:12","guid":{"rendered":"https:\/\/www.europesays.com\/fr\/661215\/"},"modified":"2026-01-13T18:53:12","modified_gmt":"2026-01-13T18:53:12","slug":"christophe-laporte-je-nai-aucun-doute-actualite","status":"publish","type":"post","link":"https:\/\/www.europesays.com\/fr\/661215\/","title":{"rendered":"Christophe Laporte : \u00ab Je n\u2019ai aucun doute \u00bb &#8211; Actualit\u00e9"},"content":{"rendered":"<p><strong id=\"docs-internal-guid-18dacde6-7fff-36d4-f6fe-6bdba7ac85aa\">Stopp\u00e9 par des probl\u00e8mes physiques importants, <a style=\"color: #e67e23; text-decoration: underline;\" href=\"https:\/\/www.directvelo.com\/actualite\/123148\/je-suis-pret-christophe-laporte-enfin-de-retour\" target=\"_blank\" rel=\"noopener\">Christophe Laporte a longtemps v\u00e9cu l\u2019enfer en 2025, avant de pouvoir (enfin) reprendre la comp\u00e9tition fin ao\u00fbt<\/a>. Plus d\u00e9termin\u00e9 que jamais, l\u2019ancien Champion d\u2019Europe, 33 ans d\u00e9sormais, a fini la saison en boulet de canon en terminant coup sur coup 3e de Binche-Chimay-Binche puis 2e de Paris-Tours, dont il \u00e9tait tenant du titre, avant de remporter le tout nouveau Tour de Hollande. Voil\u00e0 d\u00e9sormais le Varois pr\u00eat \u00e0 disputer une saison pleine en 2026. DirectVelo s\u2019est entretenu avec Christophe Laporte ce mardi en fin d\u2019apr\u00e8s-midi, \u00e0 l\u2019occasion de la journ\u00e9e m\u00e9dias de sa formation Visma-Lease a bike. <\/strong><\/p>\n<p><strong id=\"docs-internal-guid-5247c0af-7fff-1d86-62d5-0b59301a58d5\">DirectVelo : On imagine que tu as pu travailler sereinement cet hiver apr\u00e8s ta grosse fin de saison 2025 ?<br \/><\/strong>Christophe Laporte : C\u2019\u00e9tait important dans le sens o\u00f9 avant ce retour, \u00e7a a \u00e9t\u00e9 une longue p\u00e9riode sans m\u2019entra\u00eener, sans v\u00e9lo. J\u2019ai eu le temps de me demander si j\u2019allais pouvoir un jour retrouver mon niveau d\u2019avant. J\u2019avais besoin de cette fin de saison pour pouvoir me projeter sur la saison 2026 comme s\u2019il ne s\u2019\u00e9tait rien pass\u00e9 en 2025, gr\u00e2ce au fait d\u2019avoir retrouv\u00e9 un excellent niveau en fin de saison. Je n\u2019ai aucun doute quant au fait de retrouver mon meilleur niveau.<strong id=\"docs-internal-guid-5247c0af-7fff-1d86-62d5-0b59301a58d5\"\/><\/p>\n<p>Tu avais d\u00e9j\u00e0 connu des soucis en 2024. Cette premi\u00e8re exp\u00e9rience d\u00e9sagr\u00e9able t\u2019a-t-elle aid\u00e9 pour ce qu\u2019il s\u2019est pass\u00e9 l\u2019an dernier ?<br \/>Pas vraiment car c\u2019\u00e9tait diff\u00e9rent. Je m\u2019\u00e9tais fait op\u00e9rer d\u2019un probl\u00e8me \u00e0 la selle, il y avait des dates pr\u00e9cises pour revenir, avec dix jours sans v\u00e9lo. Mais cette fois, avec ce virus, on n\u2019avait aucune id\u00e9e de ce qu\u2019il allait se passer, les m\u00e9decins me disaient d\u2019attendre. Il n\u2019y avait pas de point de mire. Je me r\u00e9veillais tous les matins en esp\u00e9rant que \u00e7a aille mieux mais \u00e7a a pris du temps.<strong id=\"docs-internal-guid-5247c0af-7fff-1d86-62d5-0b59301a58d5\"\/><\/p>\n<p>Et une fois que tu as enfin pu reprendre, c\u2019est revenu d\u2019un coup ?<br \/>Non, au d\u00e9but c\u2019\u00e9tait difficile car pendant un mois et demi, j\u2019\u00e9tais vraiment fatigu\u00e9, j\u2019avais des maux de t\u00eate m\u00eame en allant courir dix minutes, il fallait que je rentre m&rsquo;asseoir \u00e0 la maison\u2026 C\u2019\u00e9tait dur \u00e0 vivre. D\u00e8s que je faisais quelque chose, j\u2019avais du mal \u00e0 r\u00e9cup\u00e9rer. J\u2019ai repris le v\u00e9lo petit \u00e0 petit, une heure par ci par l\u00e0, apr\u00e8s trois ou quatre mois. Et m\u00eame l\u00e0, je sentais qu\u2019il y avait encore des sympt\u00f4mes. C\u2019est revenu vraiment doucement. Mentalement aussi, c\u2019\u00e9tait difficile, mais j\u2019\u00e9tais bien accompagn\u00e9 par ma famille, mes enfants. Quand \u00e7a ne va pas trop, dans ces cas-l\u00e0, \u00e7a fait du bien, heureusement que j\u2019avais \u00e7a sinon, tout seul, \u00e7a aurait \u00e9t\u00e9 compliqu\u00e9 car c\u2019\u00e9tait la p\u00e9riode la plus difficile de ma carri\u00e8re.<strong id=\"docs-internal-guid-5247c0af-7fff-1d86-62d5-0b59301a58d5\"\/><\/p>\n<p>\u00ab J\u2019AI ENCORE PLUS DE MOTIVATION QUE LES AUTRES ANN\u00c9ES \u00bb <\/p>\n<p>Que peux-tu esp\u00e9rer des Classiques flandriennes, au c\u00f4t\u00e9 de Wout van Aert, et alors que Tiesj Benoot a quitt\u00e9 la Visma et que Matteo Jorgenson va se focaliser sur les Ardennaises ?<br \/>Je veux apporter des r\u00e9sultats. J\u2019ai d\u00e9j\u00e0 montr\u00e9 que je pouvais gagner sur les Classiques. Il sera important d\u2019\u00eatre l\u00e0 en nombre. C\u2019est bien d\u2019\u00eatre l\u00e0 avec Wout mais aussi Matthew (Brennan). L\u2019objectif sera de gagner un ou des Monuments, que ce soit San Remo, le Tour des Flandres ou Paris-Roubaix, qui a toujours \u00e9t\u00e9 celle qui me correspond le mieux et qui me tient le plus \u00e0 c\u0153ur. C\u2019est ma course favorite, et celle o\u00f9 je peux me permettre le plus d\u2019esp\u00e9rer faire un r\u00e9sultat.<strong id=\"docs-internal-guid-5247c0af-7fff-1d86-62d5-0b59301a58d5\"> <\/strong><\/p>\n<p>On imagine que tu as la rage de vaincre apr\u00e8s cette ann\u00e9e si frustrante ! <br \/>C\u2019est s\u00fbr que j\u2019ai encore plus de motivation que les autres ann\u00e9es apr\u00e8s ce qu\u2019il s\u2019est pass\u00e9. Je me rends encore plus compte que j\u2019aime ce que je fais et que je dois en profiter. Je veux donner le maximum tant que je le peux en continuant de courir comme je l\u2019ai toujours fait.<strong id=\"docs-internal-guid-5247c0af-7fff-1d86-62d5-0b59301a58d5\"> <\/strong><\/p>\n<p>Penses-tu avoir retrouv\u00e9 ta pointe de vitesse \u00e9galement, car tu t\u2019\u00e9tais montr\u00e9 frustr\u00e9 \u00e0 Paris-Tours\u2026<br \/>C\u2019\u00e9tait une question d&rsquo;entra\u00eenement. Mon sprint \u00e9tait tr\u00e8s bon en fin de saison mais pas apr\u00e8s quatre heures et demi d&rsquo;une course dure. Le niveau est revenu avec les jours de course, j\u2019avais un niveau assez faible au d\u00e9but, \u00e0 Hambourg puis au Renewi Tour. J\u2019ai voulu courir de fa\u00e7on offensive sur les \u00e9preuves suivantes pour me prouver \u00e0 moi-m\u00eame que j\u2019avais le niveau pour faire la diff\u00e9rence. Mais du coup, ma condition globale ne me permettait pas de produire la m\u00eame puissance que d\u2019habitude dans le final. Maintenant, apr\u00e8s un bon hiver d&rsquo;entra\u00eenement, il n\u2019y a pas de raison que \u00e7a ne revienne pas normalement.<strong id=\"docs-internal-guid-5247c0af-7fff-1d86-62d5-0b59301a58d5\"> <\/strong><\/p>\n<p>\u00ab JE NE VAIS PAS ARR\u00caTER \u00c0 LA FIN DE LA SAISON \u00bb <\/p>\n<p>Pendant cette longue p\u00e9riode loin des comp\u00e9titions, as-tu eu le temps d\u2019avoir peur de perdre ce r\u00f4le important que tu as dans le groupe ?<br \/>J\u2019avais surtout peur de ma situation, de ne pas pouvoir retrouver mon niveau. Ma place dans le groupe, \u00e7a ne m\u2019a pas inqui\u00e9t\u00e9 car en retrouvant mon niveau, j\u2019allais forc\u00e9ment aussi retrouver ma place.<strong id=\"docs-internal-guid-5247c0af-7fff-1d86-62d5-0b59301a58d5\"\/><\/p>\n<p>T\u2019imagines-tu continuer encore longtemps ?<br \/>Pas dix ans, c\u2019est s\u00fbr (rire), je r\u00e9fl\u00e9chis \u00e0 combien d\u2019ann\u00e9es je pourrais encore continuer mais honn\u00eatement, \u00e0 ce stade je ne le sais pas. Je suis en fin de contrat, peut-\u00eatre que mon prochain contrat sera le dernier, je n\u2019en sais rien. Je ne m\u2019en pr\u00e9occupe pas trop, j\u2019ai juste envie de prendre du plaisir sur le v\u00e9lo et de gagner des courses pour l\u2019\u00e9quipe. Le jour o\u00f9 je prendrai moins de plaisir, je r\u00e9fl\u00e9chirai. Mais je ne vais pas arr\u00eater \u00e0 la fin de la saison 2026, \u00e7a c\u2019est s\u00fbr.<strong id=\"docs-internal-guid-5247c0af-7fff-1d86-62d5-0b59301a58d5\"> <\/strong><\/p>\n<p>\u00catre en fin de contrat, \u00e7a change quelque chose dans ta fa\u00e7on d\u2019aborder cette saison ?<br \/>Non, pas vraiment. C\u2019est sans doute davantage le cas quand on est un jeune coureur car on a envie de progresser etc. De mon c\u00f4t\u00e9, \u00e0 ce stade de ma carri\u00e8re, je ne vais pas dire que je n\u2019ai plus rien \u00e0 prouver mais je connais mon niveau et ma valeur. J\u2019ai juste envie d\u2019\u00eatre performant. Tant que ce sera le cas, je n\u2019aurai pas de soucis \u00e0 me faire.<\/p>\n<p><strong id=\"docs-internal-guid-9ce4877f-7fff-afb3-7ec2-42f16ffe16ee\">Le programme de Christophe Laporte pour le d\u00e9but de saison 2026 : <br \/><\/strong>Janvier : Stage en Sierra Nevada pendant 15 jours<br \/>18\/02 &#8211; 22\/02 &#8211; Tour d\u2019Andalousie (2.Pro)<br \/>28\/02 &#8211; Omloop Nieuwsblad (1.UWT) <br \/>01\/03 &#8211; Kuurne-Bruxelles-Kuurne (1.Pro) <br \/>21\/03 &#8211; Milan-San Remo (1.UWT) <br \/>27\/03 &#8211; E3 Saxo Classic (1.UWT) <br \/>01\/04 &#8211; \u00c0 travers la Flandre (1.UWT) <br \/>05\/04 &#8211; Tour des Flandres (1.UWT)<br \/>12\/04 &#8211; Paris-Roubaix (1.UWT) \u00a0 <strong id=\"docs-internal-guid-5247c0af-7fff-1d86-62d5-0b59301a58d5\">\u00a0 \u00a0<\/strong><\/p>\n<p><img decoding=\"async\" src=\"https:\/\/www.europesays.com\/fr\/wp-content\/uploads\/2026\/01\/Christophe LAPORTE.png\" alt=\"\"\/>\u00a0<\/p>\n","protected":false},"excerpt":{"rendered":"Stopp\u00e9 par des probl\u00e8mes physiques importants, Christophe Laporte a longtemps v\u00e9cu l\u2019enfer en 2025, avant de pouvoir (enfin)&hellip;\n","protected":false},"author":2,"featured_media":661216,"comment_status":"","ping_status":"","sticky":false,"template":"","format":"standard","meta":{"footnotes":""},"categories":[1411],"tags":[834,828,836,829,837,827,83,826,824,823,1154,207,814,817,815,816,822,821,832,211,839,1011,27,820,818,819,835,831,830,833,838,60,212,208,825],"class_list":{"0":"post-661215","1":"post","2":"type-post","3":"status-publish","4":"format-standard","5":"has-post-thumbnail","7":"category-cyclisme","8":"tag-attaque","9":"tag-belgique","10":"tag-braquet","11":"tag-bretagne","12":"tag-chute","13":"tag-competition","14":"tag-coupe-de-france","15":"tag-coureur","16":"tag-course-cyclisme","17":"tag-course-cycliste","18":"tag-cycling","19":"tag-cyclisme","20":"tag-direct","21":"tag-direct-velo","22":"tag-directvelo","23":"tag-directvelo-com","24":"tag-epreuve","25":"tag-epreuve-cycliste","26":"tag-federation-francaise-de-cyclisme","27":"tag-ffc","28":"tag-flandres","29":"tag-fr","30":"tag-france","31":"tag-live","32":"tag-live-course","33":"tag-live-epreuve","34":"tag-peloton","35":"tag-radio-peloton","36":"tag-radio-tour","37":"tag-ravitaillement","38":"tag-relance","39":"tag-sports","40":"tag-uci","41":"tag-velo","42":"tag-velos"},"share_on_mastodon":{"url":"https:\/\/pubeurope.com\/@fr\/115889307983464337","error":""},"_links":{"self":[{"href":"https:\/\/www.europesays.com\/fr\/wp-json\/wp\/v2\/posts\/661215","targetHints":{"allow":["GET"]}}],"collection":[{"href":"https:\/\/www.europesays.com\/fr\/wp-json\/wp\/v2\/posts"}],"about":[{"href":"https:\/\/www.europesays.com\/fr\/wp-json\/wp\/v2\/types\/post"}],"author":[{"embeddable":true,"href":"https:\/\/www.europesays.com\/fr\/wp-json\/wp\/v2\/users\/2"}],"replies":[{"embeddable":true,"href":"https:\/\/www.europesays.com\/fr\/wp-json\/wp\/v2\/comments?post=661215"}],"version-history":[{"count":0,"href":"https:\/\/www.europesays.com\/fr\/wp-json\/wp\/v2\/posts\/661215\/revisions"}],"wp:featuredmedia":[{"embeddable":true,"href":"https:\/\/www.europesays.com\/fr\/wp-json\/wp\/v2\/media\/661216"}],"wp:attachment":[{"href":"https:\/\/www.europesays.com\/fr\/wp-json\/wp\/v2\/media?parent=661215"}],"wp:term":[{"taxonomy":"category","embeddable":true,"href":"https:\/\/www.europesays.com\/fr\/wp-json\/wp\/v2\/categories?post=661215"},{"taxonomy":"post_tag","embeddable":true,"href":"https:\/\/www.europesays.com\/fr\/wp-json\/wp\/v2\/tags?post=661215"}],"curies":[{"name":"wp","href":"https:\/\/api.w.org\/{rel}","templated":true}]}}