{"id":661220,"date":"2026-01-13T18:56:11","date_gmt":"2026-01-13T18:56:11","guid":{"rendered":"https:\/\/www.europesays.com\/fr\/661220\/"},"modified":"2026-01-13T18:56:11","modified_gmt":"2026-01-13T18:56:11","slug":"des-graffitis-sur-les-facades-de-lancienne-brasserie-molson-a-montreal","status":"publish","type":"post","link":"https:\/\/www.europesays.com\/fr\/661220\/","title":{"rendered":"Des graffitis sur les fa\u00e7ades de l&rsquo;ancienne brasserie Molson \u00e0 Montr\u00e9al"},"content":{"rendered":"<p>L\u2019ancienne usine Molson du Centre-Sud de Montr\u00e9al s\u2019est r\u00e9veill\u00e9e samedi dernier avec un nouveau coup de peinture\u00a0: des graffitis ont \u00e9t\u00e9 appos\u00e9s sur ses fa\u00e7ades est et ouest durant la nuit. Le propri\u00e9taire du b\u00e2timent, le groupe Montoni, d\u00e9nonce \u00ab\u00a0un acte de vandalisme\u00a0\u00bb.<\/p>\n<p>\u00ab\u00a0\u00c0 ce stade, rien n\u2019indique qu\u2019il y ait eu un vol, seulement ce geste isol\u00e9\u00a0\u00bb, pr\u00e9cise Jean\u2011Baptiste Portrait, responsable des communications du promoteur, dans une d\u00e9claration. \u00ab\u00a0Ce type d\u2019\u00e9v\u00e9nement, qu\u2019il soit artistique ou non, demeure regrettable, particuli\u00e8rement lorsqu\u2019il touche un embl\u00e8me patrimonial.\u00a0\u00bb<\/p>\n<p>Les graffitis prennent la forme de lettres imitant la police du logo de Molson, qui se trouve sur les fa\u00e7ades de l\u2019ancienne brasserie, et utilisent ce dernier pour former des mots.<\/p>\n<p>Ainsi, le premier \u00ab\u00a0O\u00a0\u00bb du logo Molson de la face ouest est utilis\u00e9 pour \u00e9crire, \u00e0 la verticale, le mot \u00ab\u00a0Kong\u00a0\u00bb juste en dessous de l\u2019embl\u00e9matique horloge. Le \u00ab\u00a0S\u00a0\u00bb du brasseur agit pour sa part comme premi\u00e8re lettre du mot \u00ab\u00a0Sluk\u00a0\u00bb. De fausses coulures de peintures ont aussi \u00e9t\u00e9 ajout\u00e9es au \u00ab\u00a0O\u00a0\u00bb du logo.<\/p>\n<p>Sur la fa\u00e7ade est, c\u2019est le deuxi\u00e8me \u00ab\u00a0O\u00a0\u00bb qui forme \u00ab\u00a0Kaoe\u00a0\u00bb et le \u00ab\u00a0N\u00a0\u00bb qui est utilis\u00e9 pour le mot \u00ab\u00a0June\u00a0\u00bb.<\/p>\n<p> Des signatures\u00a0?<\/p>\n<p>Ces graffitis grand format pourraient \u00eatre des signatures r\u00e9v\u00e9lant les auteurs des graffitis.\u00a0Kong et Sluk sont deux graffeurs connus \u00e0 Montr\u00e9al, ayant tous deux r\u00e9alis\u00e9 des graffitis le long d\u2019immeubles ou de structures \u00e0 travers la m\u00e9tropole. Aucun artiste n\u2019a toutefois revendiqu\u00e9 publiquement les graffitis.<\/p>\n<p>Sur son compte Instagram, Kong se filme et se photographie en train de r\u00e9aliser ses graffitis o\u00f9 son pseudonyme est \u00e0 l\u2019honneur. Ce dernier est souvent en train de descendre des structures en rappel, peinture en a\u00e9rosol ou pinceau \u00e0 la main.<\/p>\n<p>Le groupe Montoni indique \u00eatre en contact avec le Service de police de la Ville de Montr\u00e9al (SPVM) quant \u00e0 l\u2019\u00e9v\u00e9nement. Un rapport a \u00e9t\u00e9 rempli samedi.<\/p>\n<p>Pour ce qui est du nettoyage, \u00ab\u00a0une firme sp\u00e9cialis\u00e9e en antigraffiti \u00e9tait sur place ce dimanche afin de prendre des mesures et d\u2019\u00e9valuer les moyens et les m\u00e9thodes pour le nettoyage du graffiti, tout en pr\u00e9servant le caract\u00e8re patrimonial du site\u00a0\u00bb, affirme M.\u00a0Portrait. Lundi, les graffitis \u00e9taient toujours en place.<\/p>\n<p>Le promoteur assure \u00e9galement que \u00ab\u00a0le site [de l\u2019ancienne usine Molson] est s\u00e9curis\u00e9 selon les plus hauts standards\u00a0\u00bb.<\/p>\n<p>L\u2019usine montr\u00e9alaise de Molson a ferm\u00e9 ses portes en 2021 \u00e0 la suite du d\u00e9m\u00e9nagement de ses activit\u00e9s \u00e0 Longueuil. Sur le site situ\u00e9 proche du pont Jacques-Cartier est pr\u00e9vu <a href=\"https:\/\/www.ledevoir.com\/actualites\/transports-urbanisme\/825789\/montreal-vers-quartier-emblematique-site-usine-molson\" target=\"_blank\" rel=\"noopener\">un nouveau quartier, accompagn\u00e9 de pr\u00e8s de 5000 logements<\/a>.<\/p>\n","protected":false},"excerpt":{"rendered":"L\u2019ancienne usine Molson du Centre-Sud de Montr\u00e9al s\u2019est r\u00e9veill\u00e9e samedi dernier avec un nouveau coup de peinture\u00a0: des&hellip;\n","protected":false},"author":2,"featured_media":661221,"comment_status":"","ping_status":"","sticky":false,"template":"","format":"standard","meta":{"footnotes":""},"categories":[1358],"tags":[1348,1384,1385,1386,58,59,1011,27],"class_list":{"0":"post-661220","1":"post","2":"type-post","3":"status-publish","4":"format-standard","5":"has-post-thumbnail","7":"category-arts-et-design","8":"tag-arts","9":"tag-arts-and-design","10":"tag-arts-et-design","11":"tag-design","12":"tag-divertissement","13":"tag-entertainment","14":"tag-fr","15":"tag-france"},"share_on_mastodon":{"url":"https:\/\/pubeurope.com\/@fr\/115889319625673465","error":""},"_links":{"self":[{"href":"https:\/\/www.europesays.com\/fr\/wp-json\/wp\/v2\/posts\/661220","targetHints":{"allow":["GET"]}}],"collection":[{"href":"https:\/\/www.europesays.com\/fr\/wp-json\/wp\/v2\/posts"}],"about":[{"href":"https:\/\/www.europesays.com\/fr\/wp-json\/wp\/v2\/types\/post"}],"author":[{"embeddable":true,"href":"https:\/\/www.europesays.com\/fr\/wp-json\/wp\/v2\/users\/2"}],"replies":[{"embeddable":true,"href":"https:\/\/www.europesays.com\/fr\/wp-json\/wp\/v2\/comments?post=661220"}],"version-history":[{"count":0,"href":"https:\/\/www.europesays.com\/fr\/wp-json\/wp\/v2\/posts\/661220\/revisions"}],"wp:featuredmedia":[{"embeddable":true,"href":"https:\/\/www.europesays.com\/fr\/wp-json\/wp\/v2\/media\/661221"}],"wp:attachment":[{"href":"https:\/\/www.europesays.com\/fr\/wp-json\/wp\/v2\/media?parent=661220"}],"wp:term":[{"taxonomy":"category","embeddable":true,"href":"https:\/\/www.europesays.com\/fr\/wp-json\/wp\/v2\/categories?post=661220"},{"taxonomy":"post_tag","embeddable":true,"href":"https:\/\/www.europesays.com\/fr\/wp-json\/wp\/v2\/tags?post=661220"}],"curies":[{"name":"wp","href":"https:\/\/api.w.org\/{rel}","templated":true}]}}