{"id":661228,"date":"2026-01-13T19:01:07","date_gmt":"2026-01-13T19:01:07","guid":{"rendered":"https:\/\/www.europesays.com\/fr\/661228\/"},"modified":"2026-01-13T19:01:07","modified_gmt":"2026-01-13T19:01:07","slug":"grippe-le-vaccin-a-t-il-vraiment-protege-cette-annee-les-chiffres-viennent-de-tomber-modes-et-travaux","status":"publish","type":"post","link":"https:\/\/www.europesays.com\/fr\/661228\/","title":{"rendered":"Grippe : le vaccin a-t-il vraiment prot\u00e9g\u00e9 cette ann\u00e9e ? Les chiffres viennent de tomber &#8211; Modes et travaux"},"content":{"rendered":"<ol>\n<li><a href=\"https:\/\/news.google.com\/rss\/articles\/CBMi-gFBVV95cUxQQ3pyZ0FsNTV0czZtX0NkYzNGYUhwRkJBTEJEYVZIM0RLby1nVktwOWV5bHYzRG1XZmVRY2JIZ3p0bWNiNUE5WnJxM2NlaW5pelNjRF9nNU1fU29HQWQ3VVA5UERtenlvMmlfQTNVSk5CbEpnUVVhV3hEb2hEU0ItS1RETnJwVDNYQzJEbGhQUExiNHpsOTd4U2Yxbnd3SFRDczQxLVRLZF9DOEMyb2hfQW8tbTM3VUwzd1BickRZaFk4Nk1meEh3SlVIX05JVVp6RzZqT19FLTZwMmRzNTJIaGF1U2VkOHB6WXhucWdjampSWnUxejl6dlNn?oc=5\" target=\"_blank\" rel=\"noopener\">Grippe : le vaccin a-t-il vraiment prot\u00e9g\u00e9 cette ann\u00e9e ? Les chiffres viennent de tomber<\/a>&nbsp;&nbsp;Modes et travaux<\/li>\n<li><a href=\"https:\/\/news.google.com\/rss\/articles\/CBMiiAJBVV95cUxPU1lsaXNwSHh0QmFfUzhOdTdWbW9xdGdVejJIbnFFd3VUdlM2OERjUVRQalhVRnVseFV4cGY1MVdfaEk2aWlwUFJ0YVF6SmlsTzhELVVFWkcwcGcwSlh4ckxsNkVqOTV2Z1JzQm8zLWNWeGh6RlFXaFZhY2IxWTRWbUVFVVloYjFRd0FzVUlQelNCeVpGRlppSVFDV0ZPNXN3WlBGT2hIX1liYUdrNWRzeUxqSlYtX3Qxbjg1anJ5VEY1YzRLVmVkdVlQVWV5U0F0X2ozQmUyNnBWbWNMUGZiN0hoTG53V1ZnaTlMSy1LMFZGNlkzSFFWUUpvTDV6eHo1aFdfdC1oRW4?oc=5\" target=\"_blank\" rel=\"noopener\">\u00ab\u00a0Beaucoup de patients arrivaient avec des sympt\u00f4mes de type gastro\u00a0\u00bb : le pic \u00e9pid\u00e9mique de grippe en passe d\u2019\u00eatre franchi dans le Lot<\/a>&nbsp;&nbsp;ladepeche.fr<\/li>\n<li><a href=\"https:\/\/news.google.com\/rss\/articles\/CBMilwJBVV95cUxOYXhBSWY4MnZJWTdvU1Y0eEtXTUxncE4zRHRqM2hyb0ZEMkRMU0k0elhnTkpvX29WOFhjQkNIVHo0TXBXdkxENE41SzZlS09paEtQOFNSS01iMU83emFaUE1uRC1jWHBLZmljNnpVUWJZODJpMWRzNTRtak5IYWZyWVRFaEE2MUtQdXgteWEyYWRPck44QzJJUFgzTWdUaTM2WHBGbFVMc2xzU1VuVEdvOUY2blBtQmJCRGdGaV9FQnMxR0x0amtOSHQ4OVgzYmZDTm9lRDlFNExoQ1RuTjgyenRhM0RmVkhUYVJ5MjFVV0xjdWw2clpYZDRjUXkteEU0TkhFQ3o2ZHdGS1FfMmhJS3Vnb0VCaFE?oc=5\" target=\"_blank\" rel=\"noopener\">Grippe : Apr\u00e8s un premier pic, les m\u00e9decins alertent sur un possible rebond de l&rsquo;\u00e9pid\u00e9mie<\/a>&nbsp;&nbsp;Doctissimo<\/li>\n<li><a href=\"https:\/\/news.google.com\/rss\/articles\/CBMipgFBVV95cUxOdHRVSzdrOFNOUURhcWRTR3lrTjQ0Zkw3Zmx5UGJtZkZFaHlfMUs2X3EtbTJxcDRIemcxc05GbUg5YlNDUnpiTFVtRzZMWWhRbkc0a0JjYW44blhRRER1U3UtYUx1MnhSWVBNa1dHVm9qeVlSSXMzVDdfZHVpUDhxYmFIekhvTVhpOE9OZXU2dFYyNzlwWS1POU1iblNvb2pjUlNJLU5B?oc=5\" target=\"_blank\" rel=\"noopener\">Vaccin grippe : est-il encore utile de se faire vacciner en janvier ?<\/a>&nbsp;&nbsp;Closer<\/li>\n<li><a href=\"https:\/\/news.google.com\/rss\/articles\/CBMivAFBVV95cUxPMld3Ump1ZkpURHRfczlCWkdfOWp0VkpfTzQ1LTIxa0xKN2dmdzFvMVlPUEgtekxocm5Ga01aajFWZlBOeFZyTzMxcjJqdlpHdjZyN1hZMnp5WXNYQnhDMlhxaGFKZUNWU0VxeEcxR2ZibWwwNUVQbmJjMzZRaXNOd3J0RUktOFQ2WU9QbXk5SURldmwwYlpja2gzVFJfSmp3X1hTZlRxSFhsQU5UNktkaXhVdlo2UjQ5UHVOdg?oc=5\" target=\"_blank\" rel=\"noopener\">\u00c9pid\u00e9mie de grippe : le vaccin est-il suffisamment efficace ?<\/a>&nbsp;&nbsp;Portail Orange<\/li>\n<\/ol>\n","protected":false},"excerpt":{"rendered":"Grippe : le vaccin a-t-il vraiment prot\u00e9g\u00e9 cette ann\u00e9e ? Les chiffres viennent de tomber&nbsp;&nbsp;Modes et travaux \u00ab\u00a0Beaucoup&hellip;\n","protected":false},"author":2,"featured_media":395849,"comment_status":"","ping_status":"","sticky":false,"template":"","format":"standard","meta":{"footnotes":""},"categories":[10],"tags":[1011,27,72,71],"class_list":{"0":"post-661228","1":"post","2":"type-post","3":"status-publish","4":"format-standard","5":"has-post-thumbnail","7":"category-sante","8":"tag-fr","9":"tag-france","10":"tag-health","11":"tag-sante"},"share_on_mastodon":{"url":"https:\/\/pubeurope.com\/@fr\/115889339359369266","error":""},"_links":{"self":[{"href":"https:\/\/www.europesays.com\/fr\/wp-json\/wp\/v2\/posts\/661228","targetHints":{"allow":["GET"]}}],"collection":[{"href":"https:\/\/www.europesays.com\/fr\/wp-json\/wp\/v2\/posts"}],"about":[{"href":"https:\/\/www.europesays.com\/fr\/wp-json\/wp\/v2\/types\/post"}],"author":[{"embeddable":true,"href":"https:\/\/www.europesays.com\/fr\/wp-json\/wp\/v2\/users\/2"}],"replies":[{"embeddable":true,"href":"https:\/\/www.europesays.com\/fr\/wp-json\/wp\/v2\/comments?post=661228"}],"version-history":[{"count":0,"href":"https:\/\/www.europesays.com\/fr\/wp-json\/wp\/v2\/posts\/661228\/revisions"}],"wp:featuredmedia":[{"embeddable":true,"href":"https:\/\/www.europesays.com\/fr\/wp-json\/wp\/v2\/media\/395849"}],"wp:attachment":[{"href":"https:\/\/www.europesays.com\/fr\/wp-json\/wp\/v2\/media?parent=661228"}],"wp:term":[{"taxonomy":"category","embeddable":true,"href":"https:\/\/www.europesays.com\/fr\/wp-json\/wp\/v2\/categories?post=661228"},{"taxonomy":"post_tag","embeddable":true,"href":"https:\/\/www.europesays.com\/fr\/wp-json\/wp\/v2\/tags?post=661228"}],"curies":[{"name":"wp","href":"https:\/\/api.w.org\/{rel}","templated":true}]}}