{"id":661229,"date":"2026-01-13T19:02:10","date_gmt":"2026-01-13T19:02:10","guid":{"rendered":"https:\/\/www.europesays.com\/fr\/661229\/"},"modified":"2026-01-13T19:02:10","modified_gmt":"2026-01-13T19:02:10","slug":"romain-faivre-recale-le-havre-pour-un-autre-club-de-ligue-1","status":"publish","type":"post","link":"https:\/\/www.europesays.com\/fr\/661229\/","title":{"rendered":"Romain Faivre recale Le Havre pour un autre club de Ligue 1"},"content":{"rendered":"<p>En qu\u00eate de renforts offensifs pour assurer son maintien en <a href=\"https:\/\/www.footmercato.net\/france\/ligue-1\/\" target=\"_blank\" rel=\"noopener\">Ligue 1<\/a>, <a href=\"https:\/\/www.footmercato.net\/club\/hac\/\" target=\"_blank\" rel=\"noopener\">Le Havre<\/a> avait fait de <a href=\"https:\/\/www.footmercato.net\/joueur\/romain-faivre\/\" target=\"_blank\" rel=\"noopener\">Romain Faivre<\/a> l\u2019une de ses priorit\u00e9s du mercato hivernal. L\u2019ancien Lyonnais et Brestois, lib\u00e9r\u00e9 de son pr\u00eat \u00e0 Al-Taawoun en Arabie saoudite, \u00e9tait tout proche de rejoindre le HAC apr\u00e8s des discussions avanc\u00e9es et une visite m\u00e9dicale programm\u00e9e ce mardi, <a href=\"https:\/\/www.footmercato.net\/a502043587713954724-mercato-ligue-1-sofiane-boufal-et-romain-faivre-arrivent-au-havre\" target=\"_blank\" rel=\"noopener\">comme nous vous l\u2019avons r\u00e9v\u00e9l\u00e9<\/a>.<\/p>\n<p>            La suite apr\u00e8s cette publicit\u00e9<\/p>\n<p>Mais contre toute attente, le dossier a finalement capot\u00e9 dans les derni\u00e8res heures. Selon nos informations, Romain Faivre a choisi une autre destination, toujours en Ligue 1 : il s\u2019agit de l\u2019AJ <a href=\"https:\/\/www.footmercato.net\/club\/association-jeunesse-auxerroise\/\" target=\"_blank\" rel=\"noopener\">Auxerre<\/a>, qui a formul\u00e9 une offre financi\u00e8re plus all\u00e9chante au milieu offensif de 27 ans. Le Havre doit donc revoir ses plans pour renforcer son secteur offensif, tandis que le milieu offensif de 27 ans s\u2019appr\u00eate \u00e0 relancer sa carri\u00e8re, loin de la Normandie. L\u2019arriv\u00e9e de Sofiane Boufal, elle, est toujours pr\u00e9vue.<\/p>\n<p>\n    Pub. le 13\/01\/2026 19:30<br \/>\n            &#8211; MAJ le 13\/01\/2026 19:46\n    <\/p>\n","protected":false},"excerpt":{"rendered":"En qu\u00eate de renforts offensifs pour assurer son maintien en Ligue 1, Le Havre avait fait de Romain&hellip;\n","protected":false},"author":2,"featured_media":661230,"comment_status":"","ping_status":"","sticky":false,"template":"","format":"standard","meta":{"footnotes":""},"categories":[9],"tags":[1011,27,60],"class_list":{"0":"post-661229","1":"post","2":"type-post","3":"status-publish","4":"format-standard","5":"has-post-thumbnail","7":"category-sports","8":"tag-fr","9":"tag-france","10":"tag-sports"},"share_on_mastodon":{"url":"https:\/\/pubeurope.com\/@fr\/115889343259882637","error":""},"_links":{"self":[{"href":"https:\/\/www.europesays.com\/fr\/wp-json\/wp\/v2\/posts\/661229","targetHints":{"allow":["GET"]}}],"collection":[{"href":"https:\/\/www.europesays.com\/fr\/wp-json\/wp\/v2\/posts"}],"about":[{"href":"https:\/\/www.europesays.com\/fr\/wp-json\/wp\/v2\/types\/post"}],"author":[{"embeddable":true,"href":"https:\/\/www.europesays.com\/fr\/wp-json\/wp\/v2\/users\/2"}],"replies":[{"embeddable":true,"href":"https:\/\/www.europesays.com\/fr\/wp-json\/wp\/v2\/comments?post=661229"}],"version-history":[{"count":0,"href":"https:\/\/www.europesays.com\/fr\/wp-json\/wp\/v2\/posts\/661229\/revisions"}],"wp:featuredmedia":[{"embeddable":true,"href":"https:\/\/www.europesays.com\/fr\/wp-json\/wp\/v2\/media\/661230"}],"wp:attachment":[{"href":"https:\/\/www.europesays.com\/fr\/wp-json\/wp\/v2\/media?parent=661229"}],"wp:term":[{"taxonomy":"category","embeddable":true,"href":"https:\/\/www.europesays.com\/fr\/wp-json\/wp\/v2\/categories?post=661229"},{"taxonomy":"post_tag","embeddable":true,"href":"https:\/\/www.europesays.com\/fr\/wp-json\/wp\/v2\/tags?post=661229"}],"curies":[{"name":"wp","href":"https:\/\/api.w.org\/{rel}","templated":true}]}}