{"id":66123,"date":"2025-05-01T05:11:17","date_gmt":"2025-05-01T05:11:17","guid":{"rendered":"https:\/\/www.europesays.com\/fr\/66123\/"},"modified":"2025-05-01T05:11:17","modified_gmt":"2025-05-01T05:11:17","slug":"toulouse-en-travaux-cette-grande-avenue-de-la-rive-gauche-accueille-de-nouvelles-pistes-cyclables","status":"publish","type":"post","link":"https:\/\/www.europesays.com\/fr\/66123\/","title":{"rendered":"Toulouse. En travaux, cette grande avenue de la rive gauche accueille de nouvelles pistes cyclables"},"content":{"rendered":"<p>            Par<br \/>\n        <strong><br \/>\n            <a href=\"https:\/\/actu.fr\/auteur\/marie-lamarque\" title=\"Consulter tous les articles de Marie Lamarque\" rel=\"nofollow noopener\" target=\"_blank\">Marie Lamarque<\/a><br \/>\n        <\/strong><\/p>\n<p>        Publi\u00e9 le<\/p>\n<p>            1 mai 2025 \u00e0 6h42        <\/p>\n<p>Sur la longue avenue de Grande-Bretagne, qui relie le quartier Patte d\u2019Oie \u00e0 celui de la Cartoucherie <a href=\"https:\/\/actu.fr\/toulouse\/\" rel=\"nofollow noopener\" target=\"_blank\">\u00e0 Toulouse<\/a>, <strong>la circulation est perturb\u00e9e<\/strong> par des travaux lanc\u00e9s fin 2024.<\/p>\n<p class=\" wall-content\"><strong>Une portion du R\u00e9seau V\u00e9lo Express (REV) n\u00b011<\/strong> (anciennement num\u00e9rot\u00e9\u00a010) est en cours d\u2019am\u00e9nagement sur cette grande art\u00e8re de la rive gauche. \u00c0 plus grande \u00e9chelle,<strong> le REV 11 reliera Quint-Fonsegrives (\u00e0 l\u2019est) \u00e0 Brax-L\u00e9guevin (\u00e0 l\u2019ouest)<\/strong>, notamment en passant par Colomiers. \u00ab\u2009Ici, nous sommes sur le tron\u00e7on qui file vers Saint-Martin-du-Touch\u2009\u00bb, d\u00e9taille Toulouse M\u00e9tropole.<\/p>\n<p>      <img   decoding=\"async\" loading=\"lazy\" src=\"https:\/\/www.europesays.com\/fr\/wp-content\/uploads\/2025\/05\/rev-carte-0-960x640-960x640.png\" alt=\"Le r\u00e9seau express v\u00e9lo est une pieuvre qui doit s'\u00e9tendre sur toute l'agglom\u00e9ration toulousaine.\" width=\"960\" height=\"640\"\/><br \/>\n    Le r\u00e9seau express v\u00e9lo est une pieuvre qui doit s\u2019\u00e9tendre sur toute l\u2019agglom\u00e9ration toulousaine. (\u00a9Toulouse M\u00e9tropole)Nouvelle piste cyclable sur 2,1\u00a0km<\/p>\n<p class=\" wall-content\"><strong>Une portion de 2,1\u00a0km<\/strong>\u00a0prend forme depuis le croisement avec le boulevard Jean-Brunhes, jusqu\u2019\u00e0 la place Baylac. Dans chaque sens de circulation, les deux-roues y trouveront une piste cyclable \u00ab\u2009en monodirectionnel\u2009\u00bb mat\u00e9rialis\u00e9e en rouge.<\/p>\n<p>    <a href=\"https:\/\/www.google.com\/maps\/embed?pb=!1m28!1m12!1m3!1d11556.6964334005!2d1.3985291969533293!3d43.6029163260631!2m3!1f0!2f0!3f0!3m2!1i1024!2i768!4f13.1!4m13!3e1!4m5!1s0x12aebb1215027331%3A0x7907385b0423c52b!2sBd%20Jean%20Brunhes%2C%2031300%20Toulouse!3m2!1d43.6010042!2d1.4202678!4m5!1s0x12aebae7a8c1fbbf%3A0xfe255a008afcc7d3!2sPl.%20du%20Dr%20Joseph%20Baylac%2C%2031300%20Toulouse!3m2!1d43.607864899999996!2d1.3973901!5e0!3m2!1sfr!2sfr!4v1746025878960!5m2!1sfr!2sfr\" title=\"Ouvrie le lien\" rel=\"nofollow noopener\" target=\"_blank\">Cliquez ici pour visualiser le contenu<\/a><\/p>\n<p class=\" wall-content\">Celle qui permet de relier Patte d\u2019Oie \u00e0 La Cartoucherie est d\u00e9j\u00e0 op\u00e9rationnelle \u00ab\u2009et elle est tr\u00e8s emprunt\u00e9e\u2009\u00bb, note Toulouse M\u00e9tropole.<\/p>\n<p>Vid\u00e9os : en ce moment sur Actu<br \/>\n      <img   decoding=\"async\" loading=\"lazy\" src=\"https:\/\/www.europesays.com\/fr\/wp-content\/uploads\/2025\/05\/piste-cyclable-toulouse-cartoucherie-960x640.png\" alt=\"D'un c\u00f4t\u00e9 de l'avenue, la piste cyclable est d\u00e9j\u00e0 op\u00e9rationnelle.\" width=\"960\" height=\"640\"\/><br \/>\n    D\u2019un c\u00f4t\u00e9 de l\u2019avenue, la piste cyclable est d\u00e9j\u00e0 op\u00e9rationnelle. (\u00a9Marie Lamarque \/ Actu Toulouse)<\/p>\n<p class=\" wall-content\">Les cyclistes trouveront sa jumelle, ou presque, de l\u2019autre c\u00f4t\u00e9 de la route, en venant de l\u2019avenue Raymond-Badiou, pour rejoindre Patte d\u2019Oie. Chacune des pistes cyclables fait deux m\u00e8tres de large, mais celle qui m\u00e8ne vers Patte d\u2019Oie sera partag\u00e9e avec la voie de bus.<\/p>\n<p>      <img   decoding=\"async\" loading=\"lazy\" src=\"https:\/\/www.europesays.com\/fr\/wp-content\/uploads\/2025\/05\/toulouse-travaux-grande-bretagne-piste-cyclable-960x640.png\" alt=\"Une nouvelle piste cyclable est attendue de l'autre c\u00f4t\u00e9 de l'avenue.\" width=\"960\" height=\"640\"\/><br \/>\n    Une nouvelle piste cyclable est attendue de l\u2019autre c\u00f4t\u00e9 de l\u2019avenue. (\u00a9Marie Lamarque \/ Actu Toulouse)<\/p>\n<p class=\" wall-content\">C\u2019est ici que se concentre actuellement l\u2019essentiel du chantier. La piste devrait \u00eatre livr\u00e9e \u00ab\u2009courant juin\u2009\u00bb. Et plus globalement, la section boulevard Brunhes \u00e0 Baylac, pour d\u00e9cembre.<\/p>\n<p>Les trottoirs mis aux normes\u2026<\/p>\n<p class=\" wall-content\">En plus de l\u2019am\u00e9nagement de ces nouvelles pistes rouges, les travaux du REV ont permis de refaire les trottoirs qui, eux aussi, font deux m\u00e8tres de large. \u00ab\u2009Ils sont mis aux normes, notamment pour les Personnes \u00e0 Mobilit\u00e9 R\u00e9duite (PMR). Les \u00e9clairages ont \u00e9t\u00e9 revus.\u2009\u00bb<\/p>\n<p>\u2026et une nouvelle voie pour automobilistes<\/p>\n<p class=\" wall-content\">D\u2019ici la fin de l\u2019ann\u00e9e, de nouveaux feux vont \u00eatre install\u00e9s au niveau de l\u2019intersection avec la rue du professeur Jacques-Arlet. \u00ab\u2009Une voie pour permettre aux v\u00e9hicules de tourner \u00e0 gauche est pr\u00e9vue.\u2009\u00bb<\/p>\n<p class=\" wall-content\">De quoi faciliter la circulation dans cette zone connue pour \u00eatre \u00ab\u2009tr\u00e8s accidentog\u00e8ne\u2009\u00bb, fait remarquer <strong>Nadia Soussi<\/strong>, maire de quartier.<\/p>\n<p>Des petits espaces verts<\/p>\n<p class=\" wall-content\">De petits espaces verts sont pr\u00e9vus pour habiller, \u00e7\u00e0 et l\u00e0, l\u2019avenue avec des v\u00e9g\u00e9taux. Des plantations de plus grande envergure arriveront, notamment devant les locaux de l\u2019\u00c9cole Sup\u00e9rieure de Publicit\u00e9 (ESP).<\/p>\n<p>      <img   decoding=\"async\" loading=\"lazy\" src=\"https:\/\/www.europesays.com\/fr\/wp-content\/uploads\/2025\/05\/travaux-vegetaux-toulouse-piste-cyclable-960x640.jpg\" alt=\"Des espaces verts vont \u00eatre am\u00e9nag\u00e9s.\" width=\"960\" height=\"640\"\/><br \/>\n    Des espaces verts vont \u00eatre am\u00e9nag\u00e9s. (\u00a9Marie Lamarque \/ Actu Toulouse)<\/p>\n<p class=\" wall-content\">Un peu plus loin sur l\u2019avenue, en direction de Patte d\u2019Oie,<strong> Jean-Luc Moudenc<\/strong> souhaite am\u00e9nager d\u2019autres abords en espaces verts, plus pr\u00e9cis\u00e9ment devant l\u2019immeuble actuellement habill\u00e9 par des grilles. \u00ab\u2009Ce serait un peu plus joli. Il ne faut pas qu\u2019apr\u00e8s les travaux, cela devienne une verrue\u2009\u00bb, lance le maire de Toulouse.<\/p>\n<p>      <img   decoding=\"async\" loading=\"lazy\" src=\"https:\/\/www.europesays.com\/fr\/wp-content\/uploads\/2025\/05\/travaux-piste-cyclable-vert-960x640.jpg\" alt=\"C'est devant cet immeuble que Jean-Luc Moudenc veut r\u00e9fl\u00e9chir \u00e0 de nouveaux am\u00e9nagements.\" width=\"960\" height=\"640\"\/><br \/>\n    C\u2019est devant cet immeuble que Jean-Luc Moudenc veut r\u00e9fl\u00e9chir \u00e0 de nouveaux am\u00e9nagements. (\u00a9Marie Lamarque \/ Actu Toulouse)\u00ab\u2009\u00c7a faisait des ann\u00e9es qu\u2019on attendait\u2009\u00bb<\/p>\n<p class=\" wall-content\">Aux premi\u00e8res loges pour observer l\u2019avanc\u00e9e des travaux, ce sont les commer\u00e7ants. <strong>Nicole Dupont<\/strong> travaille depuis 39\u00a0ans dans la boutique de plomberie et d\u2019\u00e9lectrom\u00e9nager du m\u00eame nom. Selon elle, il \u00e9tait temps que l\u2019avenue subisse quelques travaux, notamment pour ses trottoirs.<\/p>\n<p class=\" wall-content\">\u00ab\u2009Cela faisait des ann\u00e9es que l\u2019on attendait. Je me souviens de <strong>Jean Diebold <\/strong>qui projetait des changements pour cette avenue. Il n\u2019aura pas eu la chance de la voir \u00e9voluer [l\u2019ancien maire du quartier Saint-Cyprien et d\u00e9put\u00e9 UMP de la Haute-Garonne est d\u00e9c\u00e9d\u00e9 en 2007, NDLR]\u2009\u00bb, souligne-t-elle.<\/p>\n<p>      <img   decoding=\"async\" loading=\"lazy\" src=\"https:\/\/www.europesays.com\/fr\/wp-content\/uploads\/2025\/05\/toulouse-travaux-cyclistes-960x640.jpg\" alt=\"Ces travaux apportent du nouveau pour cette grande avenue de Toulouse.\" width=\"960\" height=\"640\"\/><br \/>\n    Ces travaux apportent du nouveau pour cette grande avenue de Toulouse. (\u00a9Marie Lamarque \/ Actu Toulouse)\u00ab\u2009J\u2019ai failli me faire percuter\u2009\u00bb, dit ce commer\u00e7ant<\/p>\n<p class=\" wall-content\">Si le stationnement \u00ab\u2009a \u00e9t\u00e9 maintenu\u2009\u00bb, a pr\u00e9cis\u00e9 Toulouse M\u00e9tropole, la commer\u00e7ante explique avoir rencontr\u00e9 d\u2019importantes difficult\u00e9s pour r\u00e9ceptionner ses colis. \u00ab\u2009Les livreurs ne trouvaient pas de place pour se garer. \u00c7a a \u00e9t\u00e9 tr\u00e8s compliqu\u00e9.\u2009\u00bb<\/p>\n<p class=\" wall-content\">Cet autre commer\u00e7ant de l\u2019avenue fait face \u00e0 la m\u00eame probl\u00e9matique. Mais plus grave encore, il explique assister r\u00e9guli\u00e8rement \u00e0 <strong>\u00ab\u2009des incidents\u2009\u00bb entre pi\u00e9tons et conducteurs de deux-roues<\/strong>. \u00ab\u2009Les v\u00e9los, les trottinettes arrivent vite parfois. M\u00eame moi, j\u2019ai failli me faire percuter plusieurs fois\u2009\u00bb, d\u00e9nonce-t-il.<\/p>\n<p class=\" wall-content\">Pour lui, la diff\u00e9rence de couleur entre les deux voies ne suffit pas. \u00ab\u2009Il faudrait peut-\u00eatre des poteaux pour bien s\u00e9parer le trottoir de la piste cyclable, ou diff\u00e9rencier le niveau\u2009\u00bb, sugg\u00e8re-t-il.<\/p>\n<p class=\" wall-content\">Suivez toute l\u2019actualit\u00e9 de vos villes et m\u00e9dias favoris en vous inscrivant \u00e0 <a href=\"https:\/\/moncompte.actu.fr\" title=\"D\u00e9couvez Mon Actu\" rel=\"nofollow noopener\" data-trk=\"{&quot;cta&quot;:{&quot;action&quot;:&quot;https:\\\/\\\/moncompte.actu.fr&quot;,&quot;category&quot;:&quot;mon compte&quot;,&quot;from&quot;:&quot;article footer&quot;,&quot;name&quot;:&quot;Mon actu&quot;,&quot;type&quot;:&quot;cta&quot;}}\" target=\"_blank\">Mon Actu<\/a>.<\/p>\n","protected":false},"excerpt":{"rendered":"Par Marie Lamarque Publi\u00e9 le 1 mai 2025 \u00e0 6h42 Sur la longue avenue de Grande-Bretagne, qui relie&hellip;\n","protected":false},"author":2,"featured_media":66124,"comment_status":"","ping_status":"","sticky":false,"template":"","format":"standard","meta":{"footnotes":""},"categories":[2816],"tags":[1111,11,1777,674,1011,27,12,2680,25,104,2312,2086,208],"class_list":{"0":"post-66123","1":"post","2":"type-post","3":"status-publish","4":"format-standard","5":"has-post-thumbnail","7":"category-toulouse","8":"tag-actu","9":"tag-actualites","10":"tag-eu","11":"tag-europe","12":"tag-fr","13":"tag-france","14":"tag-news","15":"tag-occitanie","16":"tag-republique-francaise","17":"tag-societe","18":"tag-toulouse","19":"tag-travaux","20":"tag-velo"},"share_on_mastodon":{"url":"https:\/\/pubeurope.com\/@fr\/114430862144890104","error":""},"_links":{"self":[{"href":"https:\/\/www.europesays.com\/fr\/wp-json\/wp\/v2\/posts\/66123","targetHints":{"allow":["GET"]}}],"collection":[{"href":"https:\/\/www.europesays.com\/fr\/wp-json\/wp\/v2\/posts"}],"about":[{"href":"https:\/\/www.europesays.com\/fr\/wp-json\/wp\/v2\/types\/post"}],"author":[{"embeddable":true,"href":"https:\/\/www.europesays.com\/fr\/wp-json\/wp\/v2\/users\/2"}],"replies":[{"embeddable":true,"href":"https:\/\/www.europesays.com\/fr\/wp-json\/wp\/v2\/comments?post=66123"}],"version-history":[{"count":0,"href":"https:\/\/www.europesays.com\/fr\/wp-json\/wp\/v2\/posts\/66123\/revisions"}],"wp:featuredmedia":[{"embeddable":true,"href":"https:\/\/www.europesays.com\/fr\/wp-json\/wp\/v2\/media\/66124"}],"wp:attachment":[{"href":"https:\/\/www.europesays.com\/fr\/wp-json\/wp\/v2\/media?parent=66123"}],"wp:term":[{"taxonomy":"category","embeddable":true,"href":"https:\/\/www.europesays.com\/fr\/wp-json\/wp\/v2\/categories?post=66123"},{"taxonomy":"post_tag","embeddable":true,"href":"https:\/\/www.europesays.com\/fr\/wp-json\/wp\/v2\/tags?post=66123"}],"curies":[{"name":"wp","href":"https:\/\/api.w.org\/{rel}","templated":true}]}}