{"id":661243,"date":"2026-01-13T19:09:17","date_gmt":"2026-01-13T19:09:17","guid":{"rendered":"https:\/\/www.europesays.com\/fr\/661243\/"},"modified":"2026-01-13T19:09:17","modified_gmt":"2026-01-13T19:09:17","slug":"des-travaux-en-cours-sur-le-reseau-assainissement","status":"publish","type":"post","link":"https:\/\/www.europesays.com\/fr\/661243\/","title":{"rendered":"des travaux en cours sur le r\u00e9seau assainissement"},"content":{"rendered":"<p>Saint-\u00c9tienne M\u00e9tropole proc\u00e8de des travaux de renouvellement du r\u00e9seau d\u2019assainissement rue de la Jomay\u00e8re, entre la rue le Chatelier et la rue Dupuytren, du 12 au 31\u00a0janvier. Ces travaux concernent la pose de nouvelles canalisations.<\/p>\n<p>Le stationnement est interdit durant toute la dur\u00e9e du chantier. La circulation sera maintenue mais perturb\u00e9e dans l\u2019emprise du chantier.<\/p>\n<p>Ces dates des travaux, du 12 au 31\u00a0janvier, sont susceptibles d\u2019\u00e9voluer en fonction de l\u2019avancement du chantier, des conditions m\u00e9t\u00e9o et sanitaires.<\/p>\n","protected":false},"excerpt":{"rendered":"Saint-\u00c9tienne M\u00e9tropole proc\u00e8de des travaux de renouvellement du r\u00e9seau d\u2019assainissement rue de la Jomay\u00e8re, entre la rue le&hellip;\n","protected":false},"author":2,"featured_media":661244,"comment_status":"","ping_status":"","sticky":false,"template":"","format":"standard","meta":{"footnotes":""},"categories":[9653],"tags":[1111,11,2430,7539,436,1777,674,1011,27,12,25,4001,7538],"class_list":{"0":"post-661243","1":"post","2":"type-post","3":"status-publish","4":"format-standard","5":"has-post-thumbnail","7":"category-saint-etienne","8":"tag-actu","9":"tag-actualites","10":"tag-auvergne-rhone-alpes","11":"tag-edition-loire-sud","12":"tag-environnement","13":"tag-eu","14":"tag-europe","15":"tag-fr","16":"tag-france","17":"tag-news","18":"tag-republique-francaise","19":"tag-saint-etienne","20":"tag-saint-etienne-ville"},"share_on_mastodon":{"url":"https:\/\/pubeurope.com\/@fr\/115889370814462966","error":""},"_links":{"self":[{"href":"https:\/\/www.europesays.com\/fr\/wp-json\/wp\/v2\/posts\/661243","targetHints":{"allow":["GET"]}}],"collection":[{"href":"https:\/\/www.europesays.com\/fr\/wp-json\/wp\/v2\/posts"}],"about":[{"href":"https:\/\/www.europesays.com\/fr\/wp-json\/wp\/v2\/types\/post"}],"author":[{"embeddable":true,"href":"https:\/\/www.europesays.com\/fr\/wp-json\/wp\/v2\/users\/2"}],"replies":[{"embeddable":true,"href":"https:\/\/www.europesays.com\/fr\/wp-json\/wp\/v2\/comments?post=661243"}],"version-history":[{"count":0,"href":"https:\/\/www.europesays.com\/fr\/wp-json\/wp\/v2\/posts\/661243\/revisions"}],"wp:featuredmedia":[{"embeddable":true,"href":"https:\/\/www.europesays.com\/fr\/wp-json\/wp\/v2\/media\/661244"}],"wp:attachment":[{"href":"https:\/\/www.europesays.com\/fr\/wp-json\/wp\/v2\/media?parent=661243"}],"wp:term":[{"taxonomy":"category","embeddable":true,"href":"https:\/\/www.europesays.com\/fr\/wp-json\/wp\/v2\/categories?post=661243"},{"taxonomy":"post_tag","embeddable":true,"href":"https:\/\/www.europesays.com\/fr\/wp-json\/wp\/v2\/tags?post=661243"}],"curies":[{"name":"wp","href":"https:\/\/api.w.org\/{rel}","templated":true}]}}