{"id":66125,"date":"2025-05-01T05:12:07","date_gmt":"2025-05-01T05:12:07","guid":{"rendered":"https:\/\/www.europesays.com\/fr\/66125\/"},"modified":"2025-05-01T05:12:07","modified_gmt":"2025-05-01T05:12:07","slug":"la-circulation-va-etre-perturbee-en-mai","status":"publish","type":"post","link":"https:\/\/www.europesays.com\/fr\/66125\/","title":{"rendered":"la circulation va \u00eatre perturb\u00e9e en mai\u00a0!"},"content":{"rendered":"<p>            Par<br \/>\n        <strong><br \/>\n            <a href=\"https:\/\/actu.fr\/auteur\/nicolas-demollien\" title=\"Consulter tous les articles de Nicolas Demollien\" target=\"_blank\" rel=\"noopener\">Nicolas Demollien<\/a><br \/>\n        <\/strong><\/p>\n<p>        Publi\u00e9 le<\/p>\n<p>            1 mai 2025 \u00e0 6h06        <\/p>\n<p>Voil\u00e0 qui promet une <a href=\"https:\/\/actu.fr\/tag\/circulation\" target=\"_blank\" rel=\"noopener\">circulation<\/a> <b>perturb\u00e9e<\/b> ! Au mois de mai 2025, des <a href=\"https:\/\/actu.fr\/tag\/travaux\" target=\"_blank\" rel=\"noopener\">travaux<\/a> vont \u00eatre op\u00e9r\u00e9s sur les <b>troncs communs des autoroutes<\/b> A1 et A22 au sud de <a href=\"https:\/\/actu.fr\/hauts-de-france\/lille_59350\" target=\"_blank\" rel=\"noopener\">Lille<\/a> (Nord), dans les secteurs de <a href=\"https:\/\/actu.fr\/hauts-de-france\/lesquin_59343\" target=\"_blank\" rel=\"noopener\">Lesquin<\/a> et <a href=\"https:\/\/actu.fr\/hauts-de-france\/ronchin_59507\" target=\"_blank\" rel=\"noopener\">Ronchin<\/a>. Il pourrait bien y avoir <b>d\u2019importants bouchons<\/b>. D\u2019autant que les dates co\u00efncident avec un <b>\u00ab\u00a0long\u00a0\u00bb week-end<\/b>.<\/p>\n<p>Des travaux sur l\u2019A1 et l\u2019A22 promettent des bouchons au sud de Lille<\/p>\n<p class=\" wall-content\">Ces travaux auront en effet lieu <b>du vendredi\u00a09 mai \u00e0 partir de 21h, jusqu\u2019au au lundi 12 mai 2025 \u00e0 5h<\/b>. Soit le week-end <b>de pont du 8 mai.<\/b><\/p>\n<p class=\" wall-content\">Durant cette p\u00e9riode, <b>1,5 km de chauss\u00e9e (sur 4 voies)<\/b> seront r\u00e9nov\u00e9s au niveau de Lesquin\/Faches-Thumesnil, \u00ab\u00a0constituant ainsi une phase pr\u00e9paratoire \u00e0 des travaux qui auront lieu en juillet\u00a0\u00bb.<\/p>\n<p class=\" wall-content\">Les restrictions de circulation suivantes modifieront les conditions de circulation :<\/p>\n<ul class=\" wall-content\">\n<li>En amont de la liaison des troncs communs A1 et A22 jusqu\u2019au niveau de l\u2019\u00e9changeur n\u00b020 (Faches-Thumesnil), la circulation du <b>sens Lille \u2013 Paris<\/b> sera r\u00e9duite \u00e0 une voie.<\/li>\n<li>Dans le <b>sens Paris \u2013 Lille<\/b>, une voie de circulation sera supprim\u00e9e.<\/li>\n<\/ul>\n<p>Vid\u00e9os : en ce moment sur Actu<\/p>\n<p class=\" wall-content\">Cette modification de la circulation entra\u00eenera la fermeture des bretelles suivantes :<\/p>\n<ul class=\" wall-content\">\n<li>Liaison depuis le Tronc commun A22 en provenance de la RN227\/4 Cantons vers A1 Paris : la d\u00e9viation consiste \u00e0 poursuivre sur le tronc commun A1 en direction de Lille puis emprunter l\u2019A25 en direction de Dunkerque pour faire demi-tour au niveau du port fluvial et retrouver le TCA1 puis l\u2019A1 en direction de Paris.<\/li>\n<li>Bretelles de sorties de l\u2019\u00e9changeur n\u00b020 depuis A1 Lille vers Centre commercial et M952 Lesquin et CRT : la d\u00e9viation consiste \u00e0 poursuivre sur l\u2019A1 en direction de Paris et faire demi-tour au niveau de l\u2019\u00e9changeur n\u00b019 (Seclin) pour retrouver l\u2019A1 en direction de Lille et l\u2019acc\u00e8s aux sorties de l\u2019\u00e9changeur n\u00b020.<\/li>\n<\/ul>\n<p class=\" wall-content\">\u00ab\u00a0Pour les usagers en provenance de Lille, la bretelle de liaison en direction de Bruxelles\/Gand (A27) \u2013 Valenciennes (A23) et Villeneuve d\u2019Ascq (RN227) est maintenue ouverte ; tout comme la bretelle de sortie en direction de Ronchin\u00a0\u00bb, pr\u00e9cise la direction des routes Nord dans un communiqu\u00e9.<\/p>\n<p class=\" wall-content\">Notons que la phase la plus impactante des travaux se d\u00e9roulera du 9 juillet au 19 ao\u00fbt 2025.<\/p>\n<p class=\" wall-content\">Il s\u2019agit de travaux de chauss\u00e9e et d\u2019ouvrages d\u2019art afin de r\u00e9nover les troncs communs de l\u2019A1 et l\u2019A22. En plus de <b>travaux d\u2019assainissement<\/b> et des <b>6 ponts r\u00e9nov\u00e9s, 120 000 m\u00b2 de chauss\u00e9es<\/b> seront r\u00e9habilit\u00e9s pour un montant total de 12.7 M\u20ac.<\/p>\n<p class=\" wall-content\">\u00ab\u00a0Ces travaux sont rendus n\u00e9cessaires en raison d\u2019une chauss\u00e9e vieillissante et d\u2019ouvrages d\u2019art anciens \u00e0 r\u00e9nover. Pour rappel, l\u2019autoroute A1 supporte \u00e0 l\u2019entr\u00e9e de Lille un <b>trafic de 200 000 v\u00e9hicules par jour dans les deux sens dont 13 % de poids lourds<\/b>\u00ab\u00a0.<\/p>\n<p class=\" wall-content\">Plus d\u2019infos sur le site <a href=\"https:\/\/www.dir.nord.developpement-durable.gouv.fr\/travaux-tca1-secteur-lesquin-phase-1-du-9-au-12-a2343.html\" target=\"_blank\" rel=\"noopener\">dir.nord.developpement-durable.gouv.fr<\/a><\/p>\n<p class=\" wall-content\">Suivez toute l\u2019actualit\u00e9 de vos villes et m\u00e9dias favoris en vous inscrivant \u00e0 <a href=\"https:\/\/moncompte.actu.fr\" title=\"D\u00e9couvez Mon Actu\" rel=\"nofollow noopener\" data-trk=\"{&quot;cta&quot;:{&quot;action&quot;:&quot;https:\\\/\\\/moncompte.actu.fr&quot;,&quot;category&quot;:&quot;mon compte&quot;,&quot;from&quot;:&quot;article footer&quot;,&quot;name&quot;:&quot;Mon actu&quot;,&quot;type&quot;:&quot;cta&quot;}}\" target=\"_blank\">Mon Actu<\/a>.<\/p>\n","protected":false},"excerpt":{"rendered":"Par Nicolas Demollien Publi\u00e9 le 1 mai 2025 \u00e0 6h06 Voil\u00e0 qui promet une circulation perturb\u00e9e ! Au&hellip;\n","protected":false},"author":2,"featured_media":66126,"comment_status":"","ping_status":"","sticky":false,"template":"","format":"standard","meta":{"footnotes":""},"categories":[2815],"tags":[1111,11,9904,3542,1777,674,1011,27,811,1307,12,25,104,2086],"class_list":{"0":"post-66125","1":"post","2":"type-post","3":"status-publish","4":"format-standard","5":"has-post-thumbnail","7":"category-lille","8":"tag-actu","9":"tag-actualites","10":"tag-autoroute-1-a1","11":"tag-circulation","12":"tag-eu","13":"tag-europe","14":"tag-fr","15":"tag-france","16":"tag-hauts-de-france","17":"tag-lille","18":"tag-news","19":"tag-republique-francaise","20":"tag-societe","21":"tag-travaux"},"share_on_mastodon":{"url":"https:\/\/pubeurope.com\/@fr\/114430865837123485","error":""},"_links":{"self":[{"href":"https:\/\/www.europesays.com\/fr\/wp-json\/wp\/v2\/posts\/66125","targetHints":{"allow":["GET"]}}],"collection":[{"href":"https:\/\/www.europesays.com\/fr\/wp-json\/wp\/v2\/posts"}],"about":[{"href":"https:\/\/www.europesays.com\/fr\/wp-json\/wp\/v2\/types\/post"}],"author":[{"embeddable":true,"href":"https:\/\/www.europesays.com\/fr\/wp-json\/wp\/v2\/users\/2"}],"replies":[{"embeddable":true,"href":"https:\/\/www.europesays.com\/fr\/wp-json\/wp\/v2\/comments?post=66125"}],"version-history":[{"count":0,"href":"https:\/\/www.europesays.com\/fr\/wp-json\/wp\/v2\/posts\/66125\/revisions"}],"wp:featuredmedia":[{"embeddable":true,"href":"https:\/\/www.europesays.com\/fr\/wp-json\/wp\/v2\/media\/66126"}],"wp:attachment":[{"href":"https:\/\/www.europesays.com\/fr\/wp-json\/wp\/v2\/media?parent=66125"}],"wp:term":[{"taxonomy":"category","embeddable":true,"href":"https:\/\/www.europesays.com\/fr\/wp-json\/wp\/v2\/categories?post=66125"},{"taxonomy":"post_tag","embeddable":true,"href":"https:\/\/www.europesays.com\/fr\/wp-json\/wp\/v2\/tags?post=66125"}],"curies":[{"name":"wp","href":"https:\/\/api.w.org\/{rel}","templated":true}]}}