{"id":661255,"date":"2026-01-13T19:15:10","date_gmt":"2026-01-13T19:15:10","guid":{"rendered":"https:\/\/www.europesays.com\/fr\/661255\/"},"modified":"2026-01-13T19:15:10","modified_gmt":"2026-01-13T19:15:10","slug":"comment-je-fais-pour-vivre-les-epiceries-de-nuit-vont-devoir-restreindre-leur-activite-a-montpellier-apres-un-nouvel-arrete-municipal","status":"publish","type":"post","link":"https:\/\/www.europesays.com\/fr\/661255\/","title":{"rendered":"\u00ab\u00a0Comment je fais pour vivre\u00a0?\u00a0\u00bb\u00a0: les \u00e9piceries de nuit vont devoir restreindre leur activit\u00e9 \u00e0 Montpellier apr\u00e8s un nouvel arr\u00eat\u00e9 municipal"},"content":{"rendered":"<p>\n                                                                Sur neuf secteurs de la ville, les \u00e9piceries de nuit devront fermer de 22\u00a0h \u00e0 6\u00a0h, du jeudi soir au lundi matin, et elles ne pourront pas vendre d\u2019alcool \u00e0 emporter les autres soirs, \u00e0 partir de 22\u00a0h.\n                            <\/p>\n<p>Fermeture de 22\u00a0h \u00e0 6\u00a0h, du jeudi soir au lundi matin, et interdiction de la vente d\u2019alcool les autres nuits, aux m\u00eames horaires. Les \u00e9piceries ont subi un s\u00e9rieux coup de vis de la part de la municipalit\u00e9, ce 12\u00a0janvier.<\/p>\n<p>\u00ab\u00a0\u00c7a ne me surprend pas, commente ce commer\u00e7ant de Figuerolles. J\u2019ai mis en vente commerce depuis six mois. Je n\u2019ai qu\u2019une envie, c\u2019est d\u2019arr\u00eater.\u00a0\u00bb<\/p>\n<p>Dans son \u00e9picerie, de nombreuses \u00e9tag\u00e8res sont vides et les clients se font rares. \u00ab\u00a0Certains jours, je ne vends que pour 20 ou 30\u00a0\u20ac\u00a0! Et je suis ouvert de 9\u00a0h \u00e0 22\u00a0h, sept jours sur sept\u00a0! Je dois payer les charges, les imp\u00f4ts, l\u2019Urssaf. Avec ma retraite de 140\u00a0\u20ac, comment je fais pour vivre\u00a0?\u00a0\u00bb<\/p>\n<p>Lorsqu\u2019il a ouvert au d\u00e9but des ann\u00e9es 90, le commerce \u00e9tait florissant. \u00ab\u00a0Je faisais 200 \u00e0 250\u00a0\u20ac par jour. Le week-end, c\u2019\u00e9tait m\u00eame plus. Les gens venaient chercher \u00e0 manger et \u00e0 boire pour leurs soir\u00e9es.\u00a0\u00bb<\/p>\n<p>Une sup\u00e9rette situ\u00e9e \u00e0 proximit\u00e9 a progressivement \u00e9tendu ses horaires. \u00ab\u00a0Maintenant, elle ouvre tous les soirs jusqu\u2019\u00e0 21\u00a0h, m\u00eame le dimanche\u00a0! Comme je dois fermer \u00e0 22\u00a0h, \u00e7a ne me laisse presque plus de temps pour vendre de l\u2019alcool. Au fil du temps, j\u2019ai arr\u00eat\u00e9 de vendre des surgel\u00e9s et des produits qui se p\u00e9riment rapidement.\u00a0\u00bb<\/p>\n<p>Comme dans de nombreux quartiers, d\u2019autres \u00e9piceries ont aussi ouvert \u00e0 proximit\u00e9. \u00ab\u00a0Certaines trichent. Moi, je n\u2019ai jamais eu de plainte ou de fermeture administrative. Je travaille s\u00e9rieusement, mais on m\u2019en emp\u00eache\u00a0\u00bb.<\/p>\n<p>Le sexag\u00e9naire constate aussi que ses clients ont du mal \u00e0 venir chez lui. \u00ab\u00a0Avant, les gens circulaient et se garaient plus facilement. L\u00e0, c\u2019est devenu tr\u00e8s difficile, y compris pour moi quand je dois stationner.\u00a0\u00bb<\/p>\n<p>\u00a0<\/p>\n<p>    Plusieurs arr\u00eat\u00e9s depuis 2020<\/p>\n<p>La Ville a pris plusieurs arr\u00eat\u00e9s ces derni\u00e8res ann\u00e9es concernant les \u00e9piceries de nuit. En ao\u00fbt\u00a02020, la vente de boissons alcoolis\u00e9es \u00e0 emporter avait \u00e9t\u00e9 interdite entre 22\u00a0h et 6\u00a0h du matin.<\/p>\n<p>En juin\u00a02021, la situation s\u2019\u00e9tait durcie avec la fermeture des \u00e9piceries entre 21\u00a0h et 7\u00a0h, du jeudi au dimanche matin, sur sept secteurs de Montpellier. L\u2019arr\u00eat\u00e9 avait \u00e9t\u00e9 retoqu\u00e9 en ao\u00fbt par le tribunal administratif qui le jugeait trop restrictif.<\/p>\n<p>En janvier\u00a02022, un nouvel arr\u00eat\u00e9 avait impos\u00e9 une fermeture de 22\u00a0h \u00e0 6\u00a0h, quatre jours par semaine, pour les vacances de P\u00e2ques, d\u2019\u00e9t\u00e9 et de Toussaint. D\u2019autres arr\u00eat\u00e9s ont suivi les ann\u00e9es suivantes.<\/p>\n<p>Sur les onze premiers mois de 2025, le pr\u00e9fet Lauch soulignait que 83 commerces de Montpellier, en grande majorit\u00e9 des \u00e9piceries de nuit, avaient subi des fermetures administratives.<\/p>\n<p>\u00ab\u00a0Je ne suis pas s\u00fbr qu\u2019on pourra continuer\u00a0\u00bb<\/p>\n<p>En plein centre-ville, sur la place Moli\u00e8re, l\u2019\u00e9picier afghan est tout aussi incr\u00e9dule. \u00ab\u00a0Non je n\u2019\u00e9tais pas au courant\u00a0\u00bb, explique Dost-Mohammad Noori.<\/p>\n<p>L\u2019arr\u00eat\u00e9 municipal n\u2019est pas parvenu dans sa bo\u00eete aux lettres ni jusqu\u2019\u00e0 ses oreilles.<br \/>\u00ab\u00a0J\u2019ai achet\u00e9 le fonds de commerce avec licence 3 il y a un mois. Avec cette interdiction, je suis mort.\u00a0\u00bb Ouverte de 10\u00a0h \u00e0 minuit et jusqu\u2019\u00e0 2\u00a0h du matin les week-ends, sa boutique est id\u00e9alement plac\u00e9e derri\u00e8re l\u2019Op\u00e9ra-Com\u00e9die. \u00ab\u00a0La nuit, les magasins sont ferm\u00e9s, je vends de l\u2019alcool, des glaces, des fruits secs\u2026\u00a0\u00bb<\/p>\n<p>Seule \u00e9picerie afghane de la ville, le commer\u00e7ant m\u00e9lange des produits de son pays d\u2019origine (fruits et l\u00e9gumes secs, riz, g\u00e2teaux, yaourts, th\u00e9) et des boissons asiatiques.<\/p>\n<p>Afghan d\u2019origine, arriv\u00e9 en 2017 en France, il n\u2019ignore pas ce qui est reproch\u00e9 \u00e0 certains de ses confr\u00e8res. \u00ab\u00a0Il y en a qui vendent du shit ou des cigarettes frauduleuses. Ces brebis galeuses p\u00e9nalisent toute la profession. Je ne suis pas s\u00fbr qu\u2019on pourra continuer.\u00a0\u00bb<\/p>\n<p>\u00a0<\/p>\n<p>    \u00ab\u00a0Beaucoup de nuisances\u00a0\u00bb<\/p>\n<p>S\u00e9bastien Cote est adjoint d\u00e9l\u00e9gu\u00e9 \u00e0 la s\u00e9curit\u00e9 \u00e0 la Ville de Montpellier.<\/p>\n<p>Pourquoi avoir pris cet arr\u00eat\u00e9\u00a0?<\/p>\n<p>On constate qu\u2019en d\u00e9pit de celui que nous avions pris en 2021, il y a encore beaucoup de nuisances, comme le montre le nombre tr\u00e8s important de fermetures administratives. On est le d\u00e9partement qui en compte le plus\u00a0! L\u2019id\u00e9e avec cet arr\u00eat\u00e9, c\u2019est de limiter les troubles \u00e0 l\u2019ordre public et les nuisances pour les riverains.<\/p>\n<p>Quelles sont ces nuisances\u00a0?<\/p>\n<p>D\u2019abord le bruit, puisque certaines \u00e9piceries sont ouvertes toute la nuit, avec des cris, des voitures gar\u00e9es en double file. Et puis la salet\u00e9 avec des bouteilles en verre bris\u00e9es, des canettes au sol, beaucoup de cartouches de protoxyde d\u2019azote.<\/p>\n<p>Comment avez-vous d\u00e9fini les secteurs concern\u00e9s\u00a0?<\/p>\n<p>Cet arr\u00eat\u00e9 ne pouvait pas concerner toute la ville. Nous avons donc regard\u00e9 les rapports de police nationale et municipale, les fermetures administratives, les plaintes de riverains. On a choisi de fermer ces commerces de 22\u00a0heures \u00e0 6\u00a0heures du jeudi au dimanche, et d\u2019interdire la vente d\u2019alcool tous les jours de 22\u00a0heures \u00e0 6\u00a0heures. On fera le bilan dans un semestre.<\/p>\n<p>Y a-t-il trop d\u2019\u00e9piceries de nuit \u00e0 vos yeux\u00a0?<\/p>\n<p>Leur nombre est pass\u00e9 d\u2019une trentaine il y a quinze ans \u00e0 plus de 150 aujourd\u2019hui. Dans certaines rues, il y en a plusieurs. Et huit sur dix travaillent mal. On essaie de r\u00e9\u00e9quilibrer la situation.<\/p>\n<p>\u00ab\u00a0Il ne faut pas faire d\u2019amalgame\u00a0\u00bb<\/p>\n<p>Il y a quelques ann\u00e9es, Me Christian Dumont avait d\u00e9fendu des \u00e9piciers de nuit qui contestaient un arr\u00eat\u00e9 municipal limitant leur activit\u00e9. \u00ab\u00a0\u00c7a risque de porter un coup fatal \u00e0 ces commerces, mais c\u2019est peut-\u00eatre le but recherch\u00e9, estime l\u2019avocat. Le maire consid\u00e8re que ces commerces blanchissent l\u2019argent de la drogue, mais il ne faut pas faire d\u2019amalgame. Ces commer\u00e7ants participent \u00e0 la vie de leur quartier. Qui n\u2019a pas eu besoin de s\u2019y rendre un jour\u00a0? J\u2019ai des clients qui se sont r\u00e9ins\u00e9r\u00e9s en ouvrant un petit commerce. Cet arr\u00eat\u00e9 peut avoir des cons\u00e9quences dramatiques. Il risque d\u2019ailleurs d\u2019\u00eatre censur\u00e9 par le tribunal administratif.\u00a0\u00bb<\/p>\n<p>L\u2019arr\u00eat\u00e9 concerne neuf secteurs de la ville\u00a0: l\u2019\u00c9cusson et les quartiers situ\u00e9s autour, mais aussi un vaste territoire situ\u00e9 entre la Pompignane, Tournezy et Celleneuve en passant par Richter, Antigone, Croix-d\u2019Argent et Pr\u00e9s-d\u2019Ar\u00e8nes.<\/p>\n","protected":false},"excerpt":{"rendered":"Sur neuf secteurs de la ville, les \u00e9piceries de nuit devront fermer de 22\u00a0h \u00e0 6\u00a0h, du jeudi&hellip;\n","protected":false},"author":2,"featured_media":661256,"comment_status":"","ping_status":"","sticky":false,"template":"","format":"standard","meta":{"footnotes":""},"categories":[9599],"tags":[1111,11,215,33,1777,674,1011,27,7089,2208,12,2680,25],"class_list":{"0":"post-661255","1":"post","2":"type-post","3":"status-publish","4":"format-standard","5":"has-post-thumbnail","7":"category-montpellier","8":"tag-actu","9":"tag-actualites","10":"tag-commerce","11":"tag-economie","12":"tag-eu","13":"tag-europe","14":"tag-fr","15":"tag-france","16":"tag-herault","17":"tag-montpellier","18":"tag-news","19":"tag-occitanie","20":"tag-republique-francaise"},"share_on_mastodon":{"url":"https:\/\/pubeurope.com\/@fr\/115889394389569912","error":""},"_links":{"self":[{"href":"https:\/\/www.europesays.com\/fr\/wp-json\/wp\/v2\/posts\/661255","targetHints":{"allow":["GET"]}}],"collection":[{"href":"https:\/\/www.europesays.com\/fr\/wp-json\/wp\/v2\/posts"}],"about":[{"href":"https:\/\/www.europesays.com\/fr\/wp-json\/wp\/v2\/types\/post"}],"author":[{"embeddable":true,"href":"https:\/\/www.europesays.com\/fr\/wp-json\/wp\/v2\/users\/2"}],"replies":[{"embeddable":true,"href":"https:\/\/www.europesays.com\/fr\/wp-json\/wp\/v2\/comments?post=661255"}],"version-history":[{"count":0,"href":"https:\/\/www.europesays.com\/fr\/wp-json\/wp\/v2\/posts\/661255\/revisions"}],"wp:featuredmedia":[{"embeddable":true,"href":"https:\/\/www.europesays.com\/fr\/wp-json\/wp\/v2\/media\/661256"}],"wp:attachment":[{"href":"https:\/\/www.europesays.com\/fr\/wp-json\/wp\/v2\/media?parent=661255"}],"wp:term":[{"taxonomy":"category","embeddable":true,"href":"https:\/\/www.europesays.com\/fr\/wp-json\/wp\/v2\/categories?post=661255"},{"taxonomy":"post_tag","embeddable":true,"href":"https:\/\/www.europesays.com\/fr\/wp-json\/wp\/v2\/tags?post=661255"}],"curies":[{"name":"wp","href":"https:\/\/api.w.org\/{rel}","templated":true}]}}