{"id":661257,"date":"2026-01-13T19:16:10","date_gmt":"2026-01-13T19:16:10","guid":{"rendered":"https:\/\/www.europesays.com\/fr\/661257\/"},"modified":"2026-01-13T19:16:10","modified_gmt":"2026-01-13T19:16:10","slug":"foot-ladversaire-de-montpellier-en-huitieme-de-finale-de-la-coupe-de-france-annonce","status":"publish","type":"post","link":"https:\/\/www.europesays.com\/fr\/661257\/","title":{"rendered":"Foot\u00a0: l&rsquo;adversaire de Montpellier en huiti\u00e8me de finale de la Coupe de France annonc\u00e9"},"content":{"rendered":"<p>Le tirage au sort des huiti\u00e8mes de finale de la Coupe de France de football s&rsquo;est tenu ce mardi 13 janvier. Montpellier affrontera l&rsquo;OGC Nice.<\/p>\n<p>Le MSCH est fix\u00e9. L&rsquo;\u00e9quipe de football de Montpellier conna\u00eet son adversaire pour les huiti\u00e8mes de finale de la Coupe de France de foot\u00a0: le tirage au sort s&rsquo;est tenu ce mardi 13 janvier. <strong>Montpellier se d\u00e9placera \u00e0 Nice le 4 f\u00e9vrier prochain<\/strong>. Le MSHC, 9e de Ligue 2, affrontera l&rsquo;<strong>OGC Nice, 14e de Ligue 1<\/strong>. La derni\u00e8re fois que les deux \u00e9quipes se sont affront\u00e9es, le 23 f\u00e9vrier 2025, c&rsquo;\u00e9tait aussi \u00e0 Nice. Les Montpelli\u00e9rains s&rsquo;\u00e9taient inclin\u00e9s 2 buts \u00e0 0.<\/p>\n","protected":false},"excerpt":{"rendered":"Le tirage au sort des huiti\u00e8mes de finale de la Coupe de France de football s&rsquo;est tenu ce&hellip;\n","protected":false},"author":2,"featured_media":661258,"comment_status":"","ping_status":"","sticky":false,"template":"","format":"standard","meta":{"footnotes":""},"categories":[9599],"tags":[1111,11,1777,674,1011,27,2208,12,2680,25],"class_list":{"0":"post-661257","1":"post","2":"type-post","3":"status-publish","4":"format-standard","5":"has-post-thumbnail","7":"category-montpellier","8":"tag-actu","9":"tag-actualites","10":"tag-eu","11":"tag-europe","12":"tag-fr","13":"tag-france","14":"tag-montpellier","15":"tag-news","16":"tag-occitanie","17":"tag-republique-francaise"},"share_on_mastodon":{"url":"https:\/\/pubeurope.com\/@fr\/115889398345628093","error":""},"_links":{"self":[{"href":"https:\/\/www.europesays.com\/fr\/wp-json\/wp\/v2\/posts\/661257","targetHints":{"allow":["GET"]}}],"collection":[{"href":"https:\/\/www.europesays.com\/fr\/wp-json\/wp\/v2\/posts"}],"about":[{"href":"https:\/\/www.europesays.com\/fr\/wp-json\/wp\/v2\/types\/post"}],"author":[{"embeddable":true,"href":"https:\/\/www.europesays.com\/fr\/wp-json\/wp\/v2\/users\/2"}],"replies":[{"embeddable":true,"href":"https:\/\/www.europesays.com\/fr\/wp-json\/wp\/v2\/comments?post=661257"}],"version-history":[{"count":0,"href":"https:\/\/www.europesays.com\/fr\/wp-json\/wp\/v2\/posts\/661257\/revisions"}],"wp:featuredmedia":[{"embeddable":true,"href":"https:\/\/www.europesays.com\/fr\/wp-json\/wp\/v2\/media\/661258"}],"wp:attachment":[{"href":"https:\/\/www.europesays.com\/fr\/wp-json\/wp\/v2\/media?parent=661257"}],"wp:term":[{"taxonomy":"category","embeddable":true,"href":"https:\/\/www.europesays.com\/fr\/wp-json\/wp\/v2\/categories?post=661257"},{"taxonomy":"post_tag","embeddable":true,"href":"https:\/\/www.europesays.com\/fr\/wp-json\/wp\/v2\/tags?post=661257"}],"curies":[{"name":"wp","href":"https:\/\/api.w.org\/{rel}","templated":true}]}}