{"id":661261,"date":"2026-01-13T19:18:11","date_gmt":"2026-01-13T19:18:11","guid":{"rendered":"https:\/\/www.europesays.com\/fr\/661261\/"},"modified":"2026-01-13T19:18:11","modified_gmt":"2026-01-13T19:18:11","slug":"le-tatouage-est-un-art-legitime","status":"publish","type":"post","link":"https:\/\/www.europesays.com\/fr\/661261\/","title":{"rendered":"\u00ab Le tatouage est un art l\u00e9gitime \u00bb"},"content":{"rendered":"<p>                    Par<br \/>\n        <strong><br \/>\n            <a href=\"https:\/\/actu.fr\/auteur\/jessie-leclerc\" title=\"Consulter tous les articles de Jessie Leclerc\" target=\"_blank\" rel=\"noopener\">Jessie Leclerc<\/a><br \/>\n                    <\/strong><\/p>\n<p>        Publi\u00e9 le<\/p>\n<p>            13 janv. 2026 \u00e0 20h11<br \/>\n        ; mis \u00e0 jour le 13 janv. 2026 \u00e0 14h11    <\/p>\n<p>Dans le cadre de son <strong>nouveau cycle d\u2019expositions consacr\u00e9es au dessin,<\/strong> le Mus\u00e9e des Beaux-Arts <a href=\"https:\/\/actu.fr\/normandie\/rouen_76540\" target=\"_blank\" rel=\"noopener\">de Rouen (Seine-Maritime)<\/a> ouvre ses portes \u00e0 une pratique longtemps rest\u00e9e en marge\u2009: <strong>le tatouage<\/strong>. Marion, tatoueuse depuis plus de 20 ans est fi\u00e8re d\u2019avoir \u00e9t\u00e9 s\u00e9lectionn\u00e9e pour ce dr\u00f4le de projet. Elle d\u00e9voile donc son travail pour l\u2019exposition Jamais trop Rococo, aux c\u00f4t\u00e9s de dessins du XVIIIe si\u00e8cle.<\/p>\n<p>Le tatouage entre au mus\u00e9e<\/p>\n<p class=\" wall-content\">Intitul\u00e9<strong> \u00ab\u2009Le dessin \u00e0 l\u2019\u0153uvre\u2009\u00bb<\/strong>, le nouveau cycle d\u2019exposition de la R\u00e9union des Mus\u00e9es M\u00e9tropolitains (RMM) explore <strong>le dessin dans tous ses \u00e9tats<\/strong>, sous toutes ses formes des plus classiques aux plus contemporaines, si\u00a0contemporaines que <a href=\"https:\/\/actu.fr\/normandie\/rouen_76540\/dcouvrez-le-plus-beau-et-le-plus-grand-salon-de-tatouage-de-rouen_59602891.html\" target=\"_blank\" rel=\"noopener\">le tatouage<\/a> y pointe le bout de son nez.<\/p>\n<p class=\" wall-content\"><strong>Jusqu\u2019en mai\u00a02026<\/strong>, <a href=\"https:\/\/actu.fr\/normandie\/rouen_76540\/le-dessin-dans-tous-ses-etats-decouvrez-les-cinq-nouvelles-expositions-gratuites-dans-les-musees-de-rouen_63538392.html\" target=\"_blank\" rel=\"noopener\">cinq expositions sont \u00e0 d\u00e9couvrir<\/a> au <strong>Mus\u00e9e des Beaux-Arts<\/strong>, au mus\u00e9e Flaubert et d\u2019histoire de la m\u00e9decine et \u00e0 la Corderie Vallois.<\/p>\n<p class=\" wall-content\">Parmi elles, Jamais trop Rococo\u00a0met en lumi\u00e8re des tr\u00e9sors de cet art du mouvement et de la courbe.<\/p>\n<p class=\" wall-content\">Et au milieu de tout \u00e7a, une surprise vient faire le lien entre le pass\u00e9 et le pr\u00e9sent,<strong> une pratique encore tabou<\/strong> pour certains\u2009: le tatouage.<\/p>\n<p>Une v\u00e9ritable r\u00e9compense pour Marion<\/p>\n<p class=\" wall-content\">Tatoueuse<strong> depuis plus de 20\u00a0ans<\/strong>, Marion expose pour la premi\u00e8re fois dans un mus\u00e9e. Et pour celle qui <a href=\"https:\/\/actu.fr\/normandie\/rouen_76540\/dans-les-quartiers-de-rouen-elles-sont-psychologues-de-rue-un-travail-meconnu-pour-la-sante-mentale_63490341.html\" target=\"_blank\" rel=\"noopener\">manque de confiance en elle<\/a>, avoir \u00e9t\u00e9 invit\u00e9e pour ce projet, \u00ab\u2009c\u2019est un grand bonheur, une <strong>validation ext\u00e9rieure<\/strong>\u2009\u00bb.<\/p>\n<p class=\" wall-content\">M\u00eame si le stress n\u2019est jamais bien loin\u2009: \u00ab\u2009Ce sont des choses <strong>tr\u00e8s intenses<\/strong> au niveau \u00e9motionnel. Dans ma t\u00eate, ce sont les montagnes russes. Je suis partag\u00e9e entre\u2009: \u2018Oh non, je n\u2019ai pas le niveau\u2019. Et\u2009: \u2018Ouais\u2009! Trop bien\u2009!\u2019\u2009\u00bb<\/p>\n<p class=\" wall-content\">Le symbole est d\u2019autant plus fort qu\u2019il fait \u00e9cho \u00e0 son pass\u00e9. \u00ab\u2009Mes parents voulaient que je fasse les Beaux-Arts, mais<strong> je ne m\u2019en sentais pas capable<\/strong>. \u00c0 41\u00a0ans, ce sont <a href=\"https:\/\/actu.fr\/normandie\/rouen_76540\/livres-produits-locaux-cartes-postales-une-boutique-bientot-de-retour-au-musee-des-beaux-arts-de-rouen_63252202.html\" target=\"_blank\" rel=\"noopener\">les Beaux-Arts<\/a> qui m\u2019invitent\u2009! Comme quoi, ce sont mes parents qui avaient raison depuis le d\u00e9but\u2009\u00bb, sourit la tatoueuse.<\/p>\n<p>Votre r\u00e9gion, votre actu !<\/p>\n<p>Recevez chaque jour les infos qui comptent pour vous.<\/p>\n<p>\t<a href=\"https:\/\/actu.fr\/newsletter\" class=\"ac-btn ac-btn--corner ac-btn--medium ac-btn--blue800\" target=\"_blank\" rel=\"noopener\">S&rsquo;incrire<\/a><br \/>\n20\u00a0ann\u00e9es pass\u00e9es l\u2019aiguille \u00e0 la main<\/p>\n<p class=\" wall-content\">Marion et le tatouage, c\u2019est une histoire d\u2019amour. Si elle pratique ce m\u00e9tier depuis ses 21\u00a0ans, elle baigne dans l\u2019univers<strong> depuis l\u2019adolescence<\/strong>. \u00ab\u2009\u00c7a m\u2019a toujours attir\u00e9. D\u00e9j\u00e0 \u00e0 15\u00a0ans, je tra\u00eenais dans <a href=\"https:\/\/actu.fr\/normandie\/rouen_76540\/michel-et-coralie-les-stars-de-tiktok-a-rouen-lancent-une-nouvelle-boutique-en-centre-ville_61834593.html\" target=\"_blank\" rel=\"noopener\">les boutiques de tatouages et de piercings<\/a> sur Paris\u2009\u00bb, confie-t-elle. \u00ab\u2009J\u2019ai fini par sympathiser avec <strong>ces gens un peu diff\u00e9rents<\/strong>, se rem\u00e9more la passionn\u00e9e. Je m\u2019y sentais mieux qu\u2019au milieu des gens normaux.\u2009\u00bb<\/p>\n<p class=\" wall-content\">Elle <strong>d\u00e9bute le tatouage en 2004<\/strong>, au sortir de ses \u00e9tudes sup\u00e9rieures dans la communication. \u00ab\u2009Au d\u00e9part, je pensais qu\u2019il fallait \u00eatre sp\u00e9ciale pour travailler l\u00e0-dedans, mais moi je ne l\u2019\u00e9tais pas\u2009\u00bb, avoue Marion. \u00ab\u2009Les doutes m\u2019emp\u00eachaient de me lancer. Je me suis mise <strong>des b\u00e2tons dans les roues, toute seule<\/strong>\u2009\u00bb, ajoute-t-elle.<\/p>\n<p class=\" wall-content\">Mais sa rencontre\u00a0avec un tatoueur va la pousser. \u00ab\u2009On s\u2019est <a href=\"https:\/\/actu.fr\/normandie\/rouen_76540\/un-couple-franco-ukrainien-ouvre-une-boutique-de-cafe-dans-le-centre-de-rouen-c-est-un-reve_62644915.html\" target=\"_blank\" rel=\"noopener\">mis en couple<\/a> et il s\u2019est install\u00e9 chez moi, dans mon 20m2. Rapidement, il est tomb\u00e9 sur <strong>mes dessins<\/strong> et m\u2019a dit que je devais me lancer dans le tatouage\u2009\u00bb, d\u00e9taille Marion.<\/p>\n<p>    <img   decoding=\"async\" loading=\"lazy\" src=\"https:\/\/www.europesays.com\/fr\/wp-content\/uploads\/2026\/01\/img-8885-960x640.jpeg\" alt=\"Tatouage pr\u00e9sent\u00e9 pour l'exposition \" width=\"960\" height=\"640\"\/><br \/>\n    Tatouage pr\u00e9sent\u00e9 pour l\u2019exposition \u00ab\u2009Jamais trop Rococo\u2009\u00bb. (\u00a9Marion\/punkyvonbacalhau)<\/p>\n<p class=\" wall-content\">Alors, c\u2019est ce qu\u2019elle a fait. Elle fait ses premiers pas dans le Val-de-Marne, dans un monde alors <strong>bien diff\u00e9rent<\/strong> de celui qu\u2019elle conna\u00eet aujourd\u2019hui. \u00ab\u2009Il y a 20\u00a0ans, le tatouage n\u2019avait rien \u00e0 voir, explique-t-elle. C\u2019\u00e9tait, disons, plus rock\u2019n\u2019roll. Pour s\u2019entra\u00eener, il n\u2019y avait <strong>pas de fausses peaux<\/strong>, c\u2019\u00e9tait directement sur les gens.\u2009\u00bb Une \u00e9cole exigeante.<\/p>\n<blockquote class=\"ac-article-quote wall-content\">\n<p>Dans ce milieu, il faut vouloir \u00eatre le meilleur. Entre tes mains, tu as la peau des gens et \u00e7a, \u00e7a n&rsquo;a pas de prix. Il faut toujours se d\u00e9passer pour les clients qui te font assez confiance pour que tu marques leur corps \u00e0 vie.<\/p>\n<p>    <strong>Marion, dite Punky Von Bacalhau<\/strong><br \/>\n        Tatoueuse \u00e0 Rouen    <\/p><\/blockquote>\n<p class=\" wall-content\">Le premier cobaye pour son tatouage, ce fut elle-m\u00eame. Elle n\u2019a finalement jamais pos\u00e9 l\u2019aiguille et parle, aujourd\u2019hui encore, de son travail comme <strong>\u00ab\u2009le plus beau m\u00e9tier du monde\u2009\u00bb<\/strong>.<\/p>\n<p>Rouen, sa ville de c\u0153ur<\/p>\n<p class=\" wall-content\">Marion s\u2019est install\u00e9e \u00e0 Rouen il y a onze ans avec l\u2019ouverture de sa premi\u00e8re boutique, <a href=\"https:\/\/actu.fr\/normandie\/rouen_76540\/comment-se-porte-le-commerce-rue-jeanne-d-arc-a-rouen-probablement-l-une-des-rues-qui-changera-le-plus_63309807.html\" target=\"_blank\" rel=\"noopener\">dans la rue Jeanne-d\u2019Arc<\/a>. Depuis trois ans, elle a d\u00e9m\u00e9nag\u00e9 dans la <strong>rue de l\u2019H\u00f4pital<\/strong>, plus calme.<\/p>\n<p class=\" wall-content\"><a href=\"https:\/\/www.instagram.com\/p\/DSIamtbjEUI\/embed\" title=\"Ouvrir le lien sur Instagram\" target=\"_blank\" rel=\"noopener\">Visualiser le contenu sur Instagram<\/a><\/p>\n<p class=\" wall-content\">\u00ab\u2009Rouen, c\u2019est <strong>une ville que j\u2019adore<\/strong>. J\u2019ai boug\u00e9 plein de fois, mais maintenant, je pense avoir trouv\u00e9 ma place. Ce n\u2019est pas loin de la mer, pas loin de Paris, pas trop grand, pas trop petit et c\u2019est une ville qui bouge beaucoup, m\u00eame si certains disent le contraire\u2009\u00bb, assure la tatoueuse.<\/p>\n<p>Des doutes qui \u00e9mergent<\/p>\n<p class=\" wall-content\">Mais, selon elle, le monde du tatouage traverse <a href=\"https:\/\/actu.fr\/normandie\/rouen_76540\/cette-boutique-du-centre-ville-historique-de-rouen-a-du-fermer-brusquement-ses-portes-voici-pourquoi_62397784.html\" target=\"_blank\" rel=\"noopener\">une p\u00e9riode fragile<\/a>. <strong>Explosion du nombre de salons<\/strong>, concurrence mondiale sur les r\u00e9seaux sociaux, absence de cadre officiel en France\u2026 \u00ab\u2009Tout le monde est angoiss\u00e9 par l\u2019avenir\u2009\u00bb, d\u00e9plore Marion, qui \u00e9change avec de nombreux autres tatoueurs sur le sujet.<\/p>\n<p class=\" wall-content\">\u00ab\u2009Les anciens n\u2019arrivent plus \u00e0 s\u2019adapter face aux nouveaux arrivants, beaucoup de salons pas forc\u00e9ment tr\u00e8s r\u00e9glementaires marchent sur ceux qui font les choses bien\u2009\u00bb, d\u00e9nonce la professionnelle. \u00ab\u2009Des amis qui avaient plus d\u2019un an d\u2019attente sur leurs rendez-vous ont ferm\u00e9 aujourd\u2019hui. On a tous <strong>une \u00e9p\u00e9e de Damocl\u00e8s sous la gorge<\/strong>.\u2009\u00bb<\/p>\n<p>\u00ab\u2009J\u2019aime trop le rococo\u2009\u00bb<\/p>\n<p class=\" wall-content\">Alors Marion prend <a href=\"https:\/\/actu.fr\/normandie\/rouen_76540\/expo-rococo-nature-hivernale-promenades-en-ville-voici-des-activites-gratuites-a-faire-a-rouen_63638376.html\" target=\"_blank\" rel=\"noopener\">l\u2019exposition<\/a> comme <strong>une opportunit\u00e9<\/strong>. Elle a \u00e9t\u00e9 rep\u00e9r\u00e9e par le mus\u00e9e des Beaux-Arts pour son lien avec le style rocaille. \u00ab\u2009J\u2019aime trop le Rococo. Ornements, courbes et contre-courbes\u2026 C\u2019est exactement ce que je fais\u2009!\u2009\u00bb, se r\u00e9jouit la Rouennaise.<\/p>\n<p class=\" wall-content\"><strong>Dans l\u2019exposition, le public peut d\u00e9couvrir\u2009:<\/strong><\/p>\n<ul class=\" wall-content\">\n<li>une grande photographie de l\u2019un de ses tatouages<\/li>\n<li>une vid\u00e9o montrant son processus de cr\u00e9ation<\/li>\n<li>des peintures originales, comme des \u0153uvres \u00e0 part enti\u00e8re<\/li>\n<\/ul>\n<p>    <img   decoding=\"async\" loading=\"lazy\" src=\"https:\/\/www.europesays.com\/fr\/wp-content\/uploads\/2026\/01\/format-photo-articles-960x640.jpg\" alt=\"Deux peintures r\u00e9alis\u00e9es pour l'exposition.\" width=\"960\" height=\"640\"\/><br \/>\n    Deux peintures r\u00e9alis\u00e9es pour l\u2019exposition. (\u00a9Marion\/punkyvonbacalhau)<\/p>\n<p class=\" wall-content\">Elle esp\u00e8re ainsi, \u00ab\u2009toucher une cat\u00e9gorie de personne qui n\u2019a pas l\u2019habitude de regarder le tatouage avec cet \u0153il-l\u00e0.\u2009\u00bb<\/p>\n<blockquote class=\"ac-article-quote wall-content\">\n<p>Je veux nuancer les aprioris tranch\u00e9s et montrer que le tatouage est un art l\u00e9gitime qui ne nie pas les autres techniques et qui s\u2019inspire de la soci\u00e9t\u00e9 dans laquelle il \u00e9volue.<\/p>\n<p>    <strong>Marion, dite Punky Von Bacalhau<\/strong><br \/>\n        Tatoueuse \u00e0 Rouen    <\/p><\/blockquote>\n<p class=\" wall-content\">L\u2019exposition n\u2019est pas \u00e9litiste, il y a m\u00eame des explications<strong> pour les petits<\/strong>. \u00ab\u2009C\u2019est tout simplement de la <a href=\"https:\/\/actu.fr\/normandie\/rouen_76540\/cet-illustrateur-realise-une-incroyable-carte-de-rouen-c-est-une-declaration-de-sympathie_63015826.html\" target=\"_blank\" rel=\"noopener\">d\u00e9mocratisation du dessin<\/a> par le biais du tatouage\u2009\u00bb, d\u00e9crit Marion.<\/p>\n<p>Une journ\u00e9e tattoo au mus\u00e9e<\/p>\n<p class=\" wall-content\">Et comme point d\u2019orgue du projet, <strong>une journ\u00e9e de tatouage<\/strong> <a href=\"https:\/\/actu.fr\/normandie\/rouen_76540\/mangez-entre-les-chefs-d-oeuvre-du-musee-des-beaux-arts-de-rouen-avec-le-nouveau-restaurant-cafe-sculptures_62905797.html\" target=\"_blank\" rel=\"noopener\">au mus\u00e9e des Beaux-Arts<\/a> sera organis\u00e9e le <strong>7\u00a0mars 2026<\/strong>. Marion y travaillera avec deux autres artistes. Des flashs, soit des dessins pr\u00eats \u00e0 tatouer, seront propos\u00e9s toute la journ\u00e9e. \u00ab\u2009Tatouer dans un mus\u00e9e, c\u2019est euphorisant\u2009!\u2009\u00bb, s\u2019impatiente d\u00e9j\u00e0 la professionnelle. \u00ab\u2009On essaiera de tatouer autant que l\u2019on pourra sur ce laps de temps court\u2009\u00bb, compl\u00e8te-t-elle.<\/p>\n<p class=\" wall-content\">Les flashs d\u00e9voil\u00e9s seulement quelques jours avant la rencontre, seront \u00e0 r\u00e9server en amont <a href=\"https:\/\/www.instagram.com\/punkyvonbacalhau\/\" target=\"_blank\" rel=\"noopener\">sur le compte Instagram de Marion<\/a>.<\/p>\n<p class=\" wall-content\">Pour elle, ce pari fou est comme \u00ab\u2009un second souffle, 20\u00a0ans apr\u00e8s\u2009\u00bb. \u00ab\u2009C\u2019est hyper galvanisant, je me dis que je ne suis pas un dino\u2009!\u2009\u00bb<\/p>\n<p>Salon\u2009: icone-bodyart.com \/ Instagram\u2009: @punkyvonbacalhau<\/p>\n<p>Suivez l\u2019actualit\u00e9 de Rouen <a href=\"https:\/\/www.whatsapp.com\/channel\/0029VaKfnf99hXF2ddApFB1D\" target=\"_blank\" rel=\"noopener\">sur notre cha\u00eene WhatsApp<\/a> et <a href=\"https:\/\/www.tiktok.com\/@76actu.fr?lang=fr\" target=\"_blank\" rel=\"noopener\">sur notre compte TikTok<\/a><\/p>\n<p class=\" wall-content\">Personnalisez votre actualit\u00e9 en ajoutant vos villes et m\u00e9dias en favori avec <a href=\"https:\/\/moncompte.actu.fr\" title=\"D\u00e9couvez Mon Actu\" rel=\"nofollow noopener\" data-trk=\"{&quot;cta&quot;:{&quot;action&quot;:&quot;https:\\\/\\\/moncompte.actu.fr&quot;,&quot;category&quot;:&quot;mon compte&quot;,&quot;from&quot;:&quot;article footer&quot;,&quot;name&quot;:&quot;Mon actu&quot;,&quot;type&quot;:&quot;cta&quot;}}\" target=\"_blank\">Mon Actu<\/a>.<\/p>\n<p>                    <script async src=\"\/\/www.instagram.com\/embed.js\"><\/script><script async src=\"\/\/www.tiktok.com\/embed.js\"><\/script><\/p>\n","protected":false},"excerpt":{"rendered":"Par Jessie Leclerc Publi\u00e9 le 13 janv. 2026 \u00e0 20h11 ; mis \u00e0 jour le 13 janv. 2026&hellip;\n","protected":false},"author":2,"featured_media":661262,"comment_status":"","ping_status":"","sticky":false,"template":"","format":"standard","meta":{"footnotes":""},"categories":[9587],"tags":[1111,11,9086,1777,674,1011,27,1757,1652,12,5161,25,9590,3735],"class_list":{"0":"post-661261","1":"post","2":"type-post","3":"status-publish","4":"format-standard","5":"has-post-thumbnail","7":"category-rouen","8":"tag-actu","9":"tag-actualites","10":"tag-bon-plan-a-rouen","11":"tag-eu","12":"tag-europe","13":"tag-fr","14":"tag-france","15":"tag-insolite","16":"tag-loisirs-culture","17":"tag-news","18":"tag-normandie","19":"tag-republique-francaise","20":"tag-rouen","21":"tag-tatouage"},"share_on_mastodon":{"url":"https:\/\/pubeurope.com\/@fr\/115889406308083916","error":""},"_links":{"self":[{"href":"https:\/\/www.europesays.com\/fr\/wp-json\/wp\/v2\/posts\/661261","targetHints":{"allow":["GET"]}}],"collection":[{"href":"https:\/\/www.europesays.com\/fr\/wp-json\/wp\/v2\/posts"}],"about":[{"href":"https:\/\/www.europesays.com\/fr\/wp-json\/wp\/v2\/types\/post"}],"author":[{"embeddable":true,"href":"https:\/\/www.europesays.com\/fr\/wp-json\/wp\/v2\/users\/2"}],"replies":[{"embeddable":true,"href":"https:\/\/www.europesays.com\/fr\/wp-json\/wp\/v2\/comments?post=661261"}],"version-history":[{"count":0,"href":"https:\/\/www.europesays.com\/fr\/wp-json\/wp\/v2\/posts\/661261\/revisions"}],"wp:featuredmedia":[{"embeddable":true,"href":"https:\/\/www.europesays.com\/fr\/wp-json\/wp\/v2\/media\/661262"}],"wp:attachment":[{"href":"https:\/\/www.europesays.com\/fr\/wp-json\/wp\/v2\/media?parent=661261"}],"wp:term":[{"taxonomy":"category","embeddable":true,"href":"https:\/\/www.europesays.com\/fr\/wp-json\/wp\/v2\/categories?post=661261"},{"taxonomy":"post_tag","embeddable":true,"href":"https:\/\/www.europesays.com\/fr\/wp-json\/wp\/v2\/tags?post=661261"}],"curies":[{"name":"wp","href":"https:\/\/api.w.org\/{rel}","templated":true}]}}