{"id":661269,"date":"2026-01-13T19:22:15","date_gmt":"2026-01-13T19:22:15","guid":{"rendered":"https:\/\/www.europesays.com\/fr\/661269\/"},"modified":"2026-01-13T19:22:15","modified_gmt":"2026-01-13T19:22:15","slug":"sils-battent-bayeux-les-olympiens-affronteront-rennes-en-coupe-de-france","status":"publish","type":"post","link":"https:\/\/www.europesays.com\/fr\/661269\/","title":{"rendered":"s&rsquo;ils battent Bayeux, les Olympiens affronteront Rennes en coupe de France"},"content":{"rendered":"<p>Les Olympiens \u00e9taient s\u00fbrs de deux choses avant m\u00eame de s\u2019avancer <a href=\"https:\/\/www.laprovence.com\/article\/guide-shopping\/36964779760794\/bayeux-om-a-quelle-heure-et-sur-quelle-chaine-voir-le-match-de-coupe-de-france\" target=\"_blank\" rel=\"noopener\">au stade Michel D\u2019Ornano de Caen<\/a> ce mardi soir. En cas de succ\u00e8s face \u00e0 Bayeux, pensionnaire de R\u00e9gional 1 et <a href=\"https:\/\/www.laprovence.com\/article\/om\/96928378361124\/bayeux-om-contre-les-olympiens-le-petit-poucet-ne-veut-pas-faire-tapisserie\" target=\"_blank\" rel=\"noopener\">Petit Poucet de la comp\u00e9tition<\/a> (ce qui semble s\u2019apparenter \u00e0 une formalit\u00e9), les Olympiens ne pourraient pas tomber sur un tirage aussi facile que depuis leur entr\u00e9e en lice contre <a href=\"https:\/\/www.laprovence.com\/article\/om\/1184408740843515\/bourg-en-bresse-om-0-6-les-olympiens-terminent-l-annee-2025-par-un-carton-en-coupe-de-france\" target=\"_blank\" rel=\"noopener\">Bourg-en-Bresse (6-0)<\/a> au tour pr\u00e9c\u00e9dent, puisque plus aucun club amateur ne serait ainsi pr\u00e9sent sur le tableau. La deuxi\u00e8me, c\u2019est qu\u2019ils n\u2019affronteront pas non plus le PSG tenant du titre et \u00e9pouvantail de la comp\u00e9tition, piteusement \u00e9limin\u00e9 hier par le Paris FC sur sa propre pelouse (0-1).<\/p>\n<p>L&rsquo;OM est ainsi <a href=\"https:\/\/www.laprovence.com\/article\/om\/113424006905814\/om-le-club-olympien-grand-favori-de-la-coupe-de-france-apres-lelimination-du-psg\" target=\"_blank\" rel=\"noopener\">favori selon les bookmakers<\/a> qui les placent juste devant Lens pour la victoire finale. Et les Olympiens s\u2019en sortent moyennement puisqu\u2019ils recevront le Stade rennais de leur ancien capitaine Habib Beye en huiti\u00e8mes de finale en cas de victoire ce mardi soir. La rencontre aura lieu en semaine, le mercredi\u00a04 f\u00e9vrier selon le calendrier de la coupe de France.<\/p>\n","protected":false},"excerpt":{"rendered":"Les Olympiens \u00e9taient s\u00fbrs de deux choses avant m\u00eame de s\u2019avancer au stade Michel D\u2019Ornano de Caen ce&hellip;\n","protected":false},"author":2,"featured_media":661270,"comment_status":"","ping_status":"","sticky":false,"template":"","format":"standard","meta":{"footnotes":""},"categories":[2821],"tags":[5734,1111,11,76268,22862,76267,829,1777,674,1011,27,151,12,12072,149,584,25,76266],"class_list":{"0":"post-661269","1":"post","2":"type-post","3":"status-publish","4":"format-standard","5":"has-post-thumbnail","7":"category-rennes","8":"tag-5734","9":"tag-actu","10":"tag-actualites","11":"tag-affronteront","12":"tag-battent","13":"tag-bayeux","14":"tag-bretagne","15":"tag-eu","16":"tag-europe","17":"tag-fr","18":"tag-france","19":"tag-les","20":"tag-news","21":"tag-olympiens","22":"tag-om","23":"tag-rennes","24":"tag-republique-francaise","25":"tag-sils"},"share_on_mastodon":{"url":"https:\/\/pubeurope.com\/@fr\/115889421790858066","error":""},"_links":{"self":[{"href":"https:\/\/www.europesays.com\/fr\/wp-json\/wp\/v2\/posts\/661269","targetHints":{"allow":["GET"]}}],"collection":[{"href":"https:\/\/www.europesays.com\/fr\/wp-json\/wp\/v2\/posts"}],"about":[{"href":"https:\/\/www.europesays.com\/fr\/wp-json\/wp\/v2\/types\/post"}],"author":[{"embeddable":true,"href":"https:\/\/www.europesays.com\/fr\/wp-json\/wp\/v2\/users\/2"}],"replies":[{"embeddable":true,"href":"https:\/\/www.europesays.com\/fr\/wp-json\/wp\/v2\/comments?post=661269"}],"version-history":[{"count":0,"href":"https:\/\/www.europesays.com\/fr\/wp-json\/wp\/v2\/posts\/661269\/revisions"}],"wp:featuredmedia":[{"embeddable":true,"href":"https:\/\/www.europesays.com\/fr\/wp-json\/wp\/v2\/media\/661270"}],"wp:attachment":[{"href":"https:\/\/www.europesays.com\/fr\/wp-json\/wp\/v2\/media?parent=661269"}],"wp:term":[{"taxonomy":"category","embeddable":true,"href":"https:\/\/www.europesays.com\/fr\/wp-json\/wp\/v2\/categories?post=661269"},{"taxonomy":"post_tag","embeddable":true,"href":"https:\/\/www.europesays.com\/fr\/wp-json\/wp\/v2\/tags?post=661269"}],"curies":[{"name":"wp","href":"https:\/\/api.w.org\/{rel}","templated":true}]}}