{"id":66127,"date":"2025-05-01T05:13:27","date_gmt":"2025-05-01T05:13:27","guid":{"rendered":"https:\/\/www.europesays.com\/fr\/66127\/"},"modified":"2025-05-01T05:13:27","modified_gmt":"2025-05-01T05:13:27","slug":"27c-a-rennes-26c-a-lille-29c-au-mans-des-temperatures-exceptionnelles-attendues-partout-en-france","status":"publish","type":"post","link":"https:\/\/www.europesays.com\/fr\/66127\/","title":{"rendered":"27\u00b0C \u00e0 Rennes, 26\u00b0C \u00e0 Lille, 29\u00b0C au Mans&#8230; des temp\u00e9ratures exceptionnelles attendues partout en France"},"content":{"rendered":"<p>Le temps estival s\u2019installe durablement, et les orages li\u00e9s \u00e0 l\u2019\u00e9volution diurne deviendront de plus en plus rares. Dans les villes de la moiti\u00e9 nord, des records de chaleur quotidiens pourraient \u00eatre atteints en cette derni\u00e8re journ\u00e9e d\u2019avril.<\/p>\n<p class=\"fig-paragraph\">En ce mercredi 30 avril 2025,<a href=\"http:\/\/www.lefigaro.fr\/meteo\/meteo-du-mardi-29-avril-les-temperatures-estivales-s-installent-20250428\" target=\"_blank\" data-fig-type=\"Article\" rel=\"noopener\" data-gtm-custom-categorie=\"navigation\" data-gtm-custom-action=\"crossclick\" data-gtm-custom-label=\"Contextuel\" data-gtm-event=\"customEventSPE\" data-fig-domain=\"LEFIGARO\">\u00a0le soleil brille pour tous et l\u2019ambiance est r\u00e9solument estivale<\/a>. La chaleur se fait davantage sentir sur la moiti\u00e9 nord du pays. Si elle devrait rester supportable gr\u00e2ce \u00e0 un l\u00e9ger vent rafra\u00eechissant, des records de chaleur quotidiens pourraient \u00eatre atteints.<\/p>\n<p class=\"fig-paragraph\">Il pourra en effet faire jusqu\u2019\u00e0 27\u00b0C \u00e0 Rennes, 26\u00b0C \u00e0 Lille, 29\u00b0C au Mans ou encore 27\u00b0C \u00e0 Rouen. \u00c0 Paris, jusqu\u2019\u00e0 28 degr\u00e9s sont attendus. Le record du 30 avril 2005 dans la capitale (27,3\u00b0C) pourrait donc tomber. Du c\u00f4t\u00e9 de Beauvais, le vieux record datant du 30 avril 1952 (25,2\u00b0C) est menac\u00e9 puisque l\u2019on pr\u00e9voit 26\u00b0C ce mercredi.<\/p>\n<p>Une matin\u00e9e d\u00e9gag\u00e9e, localement brumeuse<\/p>\n<p class=\"fig-paragraph\">Le soleil brille d\u00e8s le matin partout avec un ciel d\u2019azur. Quelques cirrus de haute altitude circulent dans le ciel du Sud-Ouest et vers la fronti\u00e8re belge, sans cons\u00e9quence. Par contre, des brumes de mer sont pr\u00e9sentes sur le littoral du Golfe du Lion avec des entr\u00e9es maritimes. Le\u00a0<a href=\"http:\/\/www.lefigaro.fr\/meteo\/le-vent-d-ou-vient-il-20230317\" data-fig-type=\"Article\" data-gtm-custom-categorie=\"navigation\" data-gtm-custom-action=\"crossclick\" data-gtm-custom-label=\"Contextuel\" data-gtm-event=\"customEventSPE\" data-fig-domain=\"LEFIGARO\" target=\"_blank\" rel=\"noopener\">vent<\/a>\u00a0d\u2019autan souffle entre et 70 km\/h en son domaine. Une l\u00e9g\u00e8re fra\u00eecheur est perceptible en rase campagne et en montagne (3 \u00e0 5\u00b0C) mais, d\u2019une fa\u00e7on g\u00e9n\u00e9rale, les temp\u00e9ratures vont de 7 \u00e0 13\u00b0C avec 14\u00b0C dans les grandes villes.<\/p>\n<p>Une apr\u00e8s-midi estivale<\/p>\n<p class=\"fig-paragraph\">Soleil et ciel bleu r\u00e8gnent sur la France. Attention, en montagne (Jura et Alpes), des\u00a0<a href=\"http:\/\/www.lefigaro.fr\/meteo\/comment-se-forme-un-orage-20230825\" data-fig-type=\"Article\" data-gtm-custom-categorie=\"navigation\" data-gtm-custom-action=\"crossclick\" data-gtm-custom-label=\"Contextuel\" data-gtm-event=\"customEventSPE\" data-fig-domain=\"LEFIGARO\" target=\"_blank\" rel=\"noopener\">orages<\/a>\u00a0d\u2019\u00e9volution diurne vont encore \u00e9clater, mais de fa\u00e7on isol\u00e9e. \u00c0 noter que des sables du Sahara vont commencer \u00e0 remonter sur la France, par le sud-ouest, ce qui pourrait blanchir le ciel et offrir un coucher de soleil bien color\u00e9.<\/p>\n<p>Une soir\u00e9e douce<\/p>\n<p class=\"fig-paragraph\">La douceur estivale persiste, l\u2019occasion id\u00e9ale pour prolonger vos activit\u00e9s en terrasse, organiser un d\u00eener en plein air ou simplement profiter d\u2019une agr\u00e9able promenade sous les \u00e9toiles. \u00c0 noter qu\u2019il fait un peu frais en bord de mer, surtout la M\u00e9diterran\u00e9e, n\u00e9cessitant un petit pull.<\/p>\n<p>Tendance des prochains jours<\/p>\n<p class=\"fig-paragraph\">L\u2019\u00e9pisode de chaleur pr\u00e9coce remarquable se confirme pour le pont du premier mai. Toutefois, anticipez la d\u00e9gradation\u00a0<a href=\"http:\/\/www.lefigaro.fr\/sciences\/pourquoi-est-il-si-difficile-de-prevoir-les-orages-20230615\" data-fig-type=\"Article\" data-gtm-custom-categorie=\"navigation\" data-gtm-custom-action=\"crossclick\" data-gtm-custom-label=\"Contextuel\" data-gtm-event=\"customEventSPE\" data-fig-domain=\"LEFIGARO\" target=\"_blank\" rel=\"noopener\">orageuse<\/a>\u00a0qui vous attendra vendredi dans le Nord-Ouest et surtout dimanche o\u00f9 le temps se d\u00e9grade. Le pont du 8 mai, quant \u00e0 lui, s\u2019annonce plus frais mais pas forc\u00e9ment d\u00e9sagr\u00e9able.<\/p>\n","protected":false},"excerpt":{"rendered":"Le temps estival s\u2019installe durablement, et les orages li\u00e9s \u00e0 l\u2019\u00e9volution diurne deviendront de plus en plus rares.&hellip;\n","protected":false},"author":2,"featured_media":66128,"comment_status":"","ping_status":"","sticky":false,"template":"","format":"standard","meta":{"footnotes":""},"categories":[2815],"tags":[1111,11,1777,674,1011,27,811,1307,2487,7750,7752,7751,7749,2357,12,7748,25],"class_list":{"0":"post-66127","1":"post","2":"type-post","3":"status-publish","4":"format-standard","5":"has-post-thumbnail","7":"category-lille","8":"tag-actu","9":"tag-actualites","10":"tag-eu","11":"tag-europe","12":"tag-fr","13":"tag-france","14":"tag-hauts-de-france","15":"tag-lille","16":"tag-meteo","17":"tag-meteo-aujourdhui","18":"tag-meteo-demain","19":"tag-meteo-du-jour","20":"tag-meteo-paris","21":"tag-meteo-france","22":"tag-news","23":"tag-prevision-meteo","24":"tag-republique-francaise"},"share_on_mastodon":{"url":"https:\/\/pubeurope.com\/@fr\/114430869714840654","error":""},"_links":{"self":[{"href":"https:\/\/www.europesays.com\/fr\/wp-json\/wp\/v2\/posts\/66127","targetHints":{"allow":["GET"]}}],"collection":[{"href":"https:\/\/www.europesays.com\/fr\/wp-json\/wp\/v2\/posts"}],"about":[{"href":"https:\/\/www.europesays.com\/fr\/wp-json\/wp\/v2\/types\/post"}],"author":[{"embeddable":true,"href":"https:\/\/www.europesays.com\/fr\/wp-json\/wp\/v2\/users\/2"}],"replies":[{"embeddable":true,"href":"https:\/\/www.europesays.com\/fr\/wp-json\/wp\/v2\/comments?post=66127"}],"version-history":[{"count":0,"href":"https:\/\/www.europesays.com\/fr\/wp-json\/wp\/v2\/posts\/66127\/revisions"}],"wp:featuredmedia":[{"embeddable":true,"href":"https:\/\/www.europesays.com\/fr\/wp-json\/wp\/v2\/media\/66128"}],"wp:attachment":[{"href":"https:\/\/www.europesays.com\/fr\/wp-json\/wp\/v2\/media?parent=66127"}],"wp:term":[{"taxonomy":"category","embeddable":true,"href":"https:\/\/www.europesays.com\/fr\/wp-json\/wp\/v2\/categories?post=66127"},{"taxonomy":"post_tag","embeddable":true,"href":"https:\/\/www.europesays.com\/fr\/wp-json\/wp\/v2\/tags?post=66127"}],"curies":[{"name":"wp","href":"https:\/\/api.w.org\/{rel}","templated":true}]}}