{"id":661279,"date":"2026-01-13T19:28:29","date_gmt":"2026-01-13T19:28:29","guid":{"rendered":"https:\/\/www.europesays.com\/fr\/661279\/"},"modified":"2026-01-13T19:28:29","modified_gmt":"2026-01-13T19:28:29","slug":"la-police-de-nantes-cherche-les-proprietaires-de-bijoux-et-de-clefs-voles-dans-plusieurs-maisons-et-appartements","status":"publish","type":"post","link":"https:\/\/www.europesays.com\/fr\/661279\/","title":{"rendered":"La police de Nantes cherche les propri\u00e9taires de bijoux et de clefs vol\u00e9s dans plusieurs maisons et appartements"},"content":{"rendered":"<p> <img decoding=\"async\" src=\"https:\/\/www.europesays.com\/fr\/wp-content\/uploads\/2026\/01\/1768332509_950_1200x680.jpeg\" alt=\"illustration agrandir l'image\" style=\"--_image-preview:url('data:image\/jpeg;base64,\/9j\/2wBDACgcHiMeGSgjISMtKygwPGRBPDc3PHtYXUlkkYCZlo+AjIqgtObDoKrarYqMyP\/L2u71\/\/\/\/m8H\/\/\/\/6\/+b9\/\/j\/2wBDASstLTw1PHZBQXb4pYyl+Pj4+Pj4+Pj4+Pj4+Pj4+Pj4+Pj4+Pj4+Pj4+Pj4+Pj4+Pj4+Pj4+Pj4+Pj4+Pj4+Pj\/wAARCAAXACoDASIAAhEBAxEB\/8QAFwABAQEBAAAAAAAAAAAAAAAAAQACBP\/EABUQAQEAAAAAAAAAAAAAAAAAAAAB\/8QAFQEBAQAAAAAAAAAAAAAAAAAAAAH\/xAAUEQEAAAAAAAAAAAAAAAAAAAAA\/9oADAMBAAIRAxEAPwDmjQhgJEUUJAQwxICKkDNCQP\/Z');\" loading=\"eager\" fetchpriority=\"high\" class=\"svelte-1cksh76 rounded\" onload=\"this.__e=event\" onerror=\"this.__e=event\"\/> La police de Nantes cherche notamment les propri\u00e9taires de ces bijoux vol\u00e9s. \u00a9 Aucun(e) &#8211; Police nationale     <\/p>\n<p class=\"g-ici-body-regular-3 info svelte-r4l8dg\">Publi\u00e9 le mardi 13 janvier 2026 \u00e0 17:19 <\/p>\n<ul class=\"SocialNetworks svelte-oam7rq\">\n<li class=\"svelte-oam7rq\"><\/li>\n<li class=\"svelte-oam7rq\"><\/li>\n<li class=\"svelte-oam7rq\"><\/li>\n<li class=\"svelte-oam7rq\"><\/li>\n<li class=\"svelte-oam7rq\"><\/li>\n<\/ul>\n<p class=\"standfirst g-ici-body-bold-1 svelte-huxgbw\">Les policiers de Nantes ont interpell\u00e9 un homme qu&rsquo;ils soup\u00e7onnent d&rsquo;avoir commis des vols dans plusieurs maisons et appartements. Pour retrouver les propri\u00e9taires des objets vol\u00e9s, essentiellement des bijoux et des clefs, ils partagent, ce mardi, des photos sur les r\u00e9seaux sociaux.<\/p>\n<p>\u00c0 qui appartiennent les bijoux et les clefs retrouv\u00e9s apr\u00e8s l&rsquo;arrestation d&rsquo;un homme soup\u00e7onn\u00e9 de diff\u00e9rents vols dans des maisons et des appartements, ces derni\u00e8res semaines\u00a0? Pour le savoir, les policiers de Nantes lancent, ce mardi 13 janvier, <strong>un appel \u00e0 victimes pour en retrouver les propri\u00e9taires<\/strong>. Ils partagent, sur leurs r\u00e9seaux sociaux, des photos des objets vol\u00e9s. Si l&rsquo;un de ces objets, ou plusieurs, vous appartiennent, il faut contacter le 02 53 46 73 93.<\/p>\n<ul class=\"SocialNetworks svelte-oam7rq\">\n<li class=\"svelte-oam7rq\"><\/li>\n<li class=\"svelte-oam7rq\"><\/li>\n<li class=\"svelte-oam7rq\"><\/li>\n<li class=\"svelte-oam7rq\"><\/li>\n<li class=\"svelte-oam7rq\"><\/li>\n<\/ul>\n","protected":false},"excerpt":{"rendered":"La police de Nantes cherche notamment les propri\u00e9taires de ces bijoux vol\u00e9s. \u00a9 Aucun(e) &#8211; Police nationale Publi\u00e9&hellip;\n","protected":false},"author":2,"featured_media":661280,"comment_status":"","ping_status":"","sticky":false,"template":"","format":"standard","meta":{"footnotes":""},"categories":[2818],"tags":[1111,11,1777,674,1011,27,766,12,2636,25],"class_list":{"0":"post-661279","1":"post","2":"type-post","3":"status-publish","4":"format-standard","5":"has-post-thumbnail","7":"category-nantes","8":"tag-actu","9":"tag-actualites","10":"tag-eu","11":"tag-europe","12":"tag-fr","13":"tag-france","14":"tag-nantes","15":"tag-news","16":"tag-pays-de-la-loire","17":"tag-republique-francaise"},"share_on_mastodon":{"url":"https:\/\/pubeurope.com\/@fr\/115889445509411136","error":""},"_links":{"self":[{"href":"https:\/\/www.europesays.com\/fr\/wp-json\/wp\/v2\/posts\/661279","targetHints":{"allow":["GET"]}}],"collection":[{"href":"https:\/\/www.europesays.com\/fr\/wp-json\/wp\/v2\/posts"}],"about":[{"href":"https:\/\/www.europesays.com\/fr\/wp-json\/wp\/v2\/types\/post"}],"author":[{"embeddable":true,"href":"https:\/\/www.europesays.com\/fr\/wp-json\/wp\/v2\/users\/2"}],"replies":[{"embeddable":true,"href":"https:\/\/www.europesays.com\/fr\/wp-json\/wp\/v2\/comments?post=661279"}],"version-history":[{"count":0,"href":"https:\/\/www.europesays.com\/fr\/wp-json\/wp\/v2\/posts\/661279\/revisions"}],"wp:featuredmedia":[{"embeddable":true,"href":"https:\/\/www.europesays.com\/fr\/wp-json\/wp\/v2\/media\/661280"}],"wp:attachment":[{"href":"https:\/\/www.europesays.com\/fr\/wp-json\/wp\/v2\/media?parent=661279"}],"wp:term":[{"taxonomy":"category","embeddable":true,"href":"https:\/\/www.europesays.com\/fr\/wp-json\/wp\/v2\/categories?post=661279"},{"taxonomy":"post_tag","embeddable":true,"href":"https:\/\/www.europesays.com\/fr\/wp-json\/wp\/v2\/tags?post=661279"}],"curies":[{"name":"wp","href":"https:\/\/api.w.org\/{rel}","templated":true}]}}