{"id":661283,"date":"2026-01-13T19:31:10","date_gmt":"2026-01-13T19:31:10","guid":{"rendered":"https:\/\/www.europesays.com\/fr\/661283\/"},"modified":"2026-01-13T19:31:10","modified_gmt":"2026-01-13T19:31:10","slug":"conseil-le-toulousain-cylad-continue-de-se-developper-et-de-recruter","status":"publish","type":"post","link":"https:\/\/www.europesays.com\/fr\/661283\/","title":{"rendered":"Conseil. Le Toulousain Cylad continue de se d\u00e9velopper et de recruter"},"content":{"rendered":"<p>Groupe de conseil en strat\u00e9gie et management dont le si\u00e8ge est \u00e0 Toulouse, Cylad annonce l\u2019arriv\u00e9e de deux nouveaux directeurs associ\u00e9s pour le bureau de Paris, Olivier Floch et Romain Capaldi, respectivement sp\u00e9cialiste du secteur pharma et sant\u00e9, et expert du domaine de l\u2019\u00e9nergie.<\/p>\n<p>Ces nominations se font dans un contexte de forte croissance pour Cylad, qui revendique cette ann\u00e9e \u00ab\u00a0son meilleur chiffre d\u2019affaires depuis sa cr\u00e9ation, soit 34 millions d\u2019euros avec le renforcement significatif de ses \u00e9quipes (+15\u00a0%)\u00a0\u00bb. Aujourd\u2019hui, Cylad compte pr\u00e8s de 170 personnes dont vingt-et-un directeurs associ\u00e9s et 20 experts seniors r\u00e9partis sur dix bureaux dans six pays (France, Allemagne, Suisse, Autriche, Australie et Canada).<\/p>\n","protected":false},"excerpt":{"rendered":"Groupe de conseil en strat\u00e9gie et management dont le si\u00e8ge est \u00e0 Toulouse, Cylad annonce l\u2019arriv\u00e9e de deux&hellip;\n","protected":false},"author":2,"featured_media":373637,"comment_status":"","ping_status":"","sticky":false,"template":"","format":"standard","meta":{"footnotes":""},"categories":[2816],"tags":[1111,11,8324,7516,54183,893,1777,674,1011,27,8657,12,2680,25,71,2312],"class_list":{"0":"post-661283","1":"post","2":"type-post","3":"status-publish","4":"format-standard","5":"has-post-thumbnail","7":"category-toulouse","8":"tag-actu","9":"tag-actualites","10":"tag-conjoncture","11":"tag-conseil","12":"tag-cylad","13":"tag-energie","14":"tag-eu","15":"tag-europe","16":"tag-fr","17":"tag-france","18":"tag-management","19":"tag-news","20":"tag-occitanie","21":"tag-republique-francaise","22":"tag-sante","23":"tag-toulouse"},"share_on_mastodon":{"url":"https:\/\/pubeurope.com\/@fr\/115889457292297796","error":""},"_links":{"self":[{"href":"https:\/\/www.europesays.com\/fr\/wp-json\/wp\/v2\/posts\/661283","targetHints":{"allow":["GET"]}}],"collection":[{"href":"https:\/\/www.europesays.com\/fr\/wp-json\/wp\/v2\/posts"}],"about":[{"href":"https:\/\/www.europesays.com\/fr\/wp-json\/wp\/v2\/types\/post"}],"author":[{"embeddable":true,"href":"https:\/\/www.europesays.com\/fr\/wp-json\/wp\/v2\/users\/2"}],"replies":[{"embeddable":true,"href":"https:\/\/www.europesays.com\/fr\/wp-json\/wp\/v2\/comments?post=661283"}],"version-history":[{"count":0,"href":"https:\/\/www.europesays.com\/fr\/wp-json\/wp\/v2\/posts\/661283\/revisions"}],"wp:featuredmedia":[{"embeddable":true,"href":"https:\/\/www.europesays.com\/fr\/wp-json\/wp\/v2\/media\/373637"}],"wp:attachment":[{"href":"https:\/\/www.europesays.com\/fr\/wp-json\/wp\/v2\/media?parent=661283"}],"wp:term":[{"taxonomy":"category","embeddable":true,"href":"https:\/\/www.europesays.com\/fr\/wp-json\/wp\/v2\/categories?post=661283"},{"taxonomy":"post_tag","embeddable":true,"href":"https:\/\/www.europesays.com\/fr\/wp-json\/wp\/v2\/tags?post=661283"}],"curies":[{"name":"wp","href":"https:\/\/api.w.org\/{rel}","templated":true}]}}