{"id":661284,"date":"2026-01-13T19:32:19","date_gmt":"2026-01-13T19:32:19","guid":{"rendered":"https:\/\/www.europesays.com\/fr\/661284\/"},"modified":"2026-01-13T19:32:19","modified_gmt":"2026-01-13T19:32:19","slug":"un-entrepot-en-feu-a-toulouse-un-groupe-specialise-en-risques-chimiques-sur-place","status":"publish","type":"post","link":"https:\/\/www.europesays.com\/fr\/661284\/","title":{"rendered":"Un entrep\u00f4t en feu \u00e0 Toulouse, un groupe sp\u00e9cialis\u00e9 en risques chimiques sur place"},"content":{"rendered":"<p>Les pompiers sont mobilis\u00e9s sur un feu d&rsquo;entrep\u00f4t ce mardi soir dans le quartier Barri\u00e8re de Paris. Le site contient des solvants. Un groupe\u00a0sp\u00e9cialis\u00e9 en risques chimiques est sur place.<\/p>\n<p>Les pompiers de Toulouse sont engag\u00e9s ce mardi soir sur <strong>un feu d&rsquo;entrep\u00f4t<\/strong> rue de Fenouillet, dans le quartier Barri\u00e8re de Paris. Le feu est localis\u00e9 dans une cellule d&rsquo;environ 50m2 sur un b\u00e2timent qui en fait plus de 800m2.<\/p>\n<p>Des mesures en cours sur la toxicit\u00e9 des fum\u00e9es<\/p>\n<p>La <strong>grande \u00e9chelle a \u00e9t\u00e9 d\u00e9ploy\u00e9e<\/strong>. Cinquante sapeurs-pompiers sont sur place. Un groupe\u00a0sp\u00e9cialis\u00e9 en risques chimiques est \u00e9galement pr\u00e9sent. <strong>L&rsquo;entrep\u00f4t contient des solvants<\/strong>.\u00a0Un r\u00e9seau de mesures au niveau de la toxicit\u00e9 des fum\u00e9es est en cours, pr\u00e9cise le Sdis 31<\/p>\n<p>La rue de Fenouillet est coup\u00e9e dans les deux sens \u00e0 la circulation.<\/p>\n","protected":false},"excerpt":{"rendered":"Les pompiers sont mobilis\u00e9s sur un feu d&rsquo;entrep\u00f4t ce mardi soir dans le quartier Barri\u00e8re de Paris. Le&hellip;\n","protected":false},"author":2,"featured_media":661285,"comment_status":"","ping_status":"","sticky":false,"template":"","format":"standard","meta":{"footnotes":""},"categories":[2816],"tags":[1111,11,1777,674,1011,27,12,2680,25,2312],"class_list":{"0":"post-661284","1":"post","2":"type-post","3":"status-publish","4":"format-standard","5":"has-post-thumbnail","7":"category-toulouse","8":"tag-actu","9":"tag-actualites","10":"tag-eu","11":"tag-europe","12":"tag-fr","13":"tag-france","14":"tag-news","15":"tag-occitanie","16":"tag-republique-francaise","17":"tag-toulouse"},"share_on_mastodon":{"url":"https:\/\/pubeurope.com\/@fr\/115889461298598026","error":""},"_links":{"self":[{"href":"https:\/\/www.europesays.com\/fr\/wp-json\/wp\/v2\/posts\/661284","targetHints":{"allow":["GET"]}}],"collection":[{"href":"https:\/\/www.europesays.com\/fr\/wp-json\/wp\/v2\/posts"}],"about":[{"href":"https:\/\/www.europesays.com\/fr\/wp-json\/wp\/v2\/types\/post"}],"author":[{"embeddable":true,"href":"https:\/\/www.europesays.com\/fr\/wp-json\/wp\/v2\/users\/2"}],"replies":[{"embeddable":true,"href":"https:\/\/www.europesays.com\/fr\/wp-json\/wp\/v2\/comments?post=661284"}],"version-history":[{"count":0,"href":"https:\/\/www.europesays.com\/fr\/wp-json\/wp\/v2\/posts\/661284\/revisions"}],"wp:featuredmedia":[{"embeddable":true,"href":"https:\/\/www.europesays.com\/fr\/wp-json\/wp\/v2\/media\/661285"}],"wp:attachment":[{"href":"https:\/\/www.europesays.com\/fr\/wp-json\/wp\/v2\/media?parent=661284"}],"wp:term":[{"taxonomy":"category","embeddable":true,"href":"https:\/\/www.europesays.com\/fr\/wp-json\/wp\/v2\/categories?post=661284"},{"taxonomy":"post_tag","embeddable":true,"href":"https:\/\/www.europesays.com\/fr\/wp-json\/wp\/v2\/tags?post=661284"}],"curies":[{"name":"wp","href":"https:\/\/api.w.org\/{rel}","templated":true}]}}