{"id":661286,"date":"2026-01-13T19:33:15","date_gmt":"2026-01-13T19:33:15","guid":{"rendered":"https:\/\/www.europesays.com\/fr\/661286\/"},"modified":"2026-01-13T19:33:15","modified_gmt":"2026-01-13T19:33:15","slug":"roubaix-a-lhonneur-au-challenge-de-lecomobilite-scolaire","status":"publish","type":"post","link":"https:\/\/www.europesays.com\/fr\/661286\/","title":{"rendered":"Roubaix \u00e0 l\u2019honneur au challenge de l\u2019\u00e9comobilit\u00e9 scolaire"},"content":{"rendered":"<p class=\"introduction\">Une des classes de CE2-CM1 de l\u2019\u00e9cole Lakanal de Roubaix a remport\u00e9 la premi\u00e8re place du challenge de l\u2019\u00e9comobilit\u00e9 scolaire. Le Centre de Ressources en \u00c9co Mobilit\u00e9 (CREM) organise tous les ans des challenges d\u2019\u00e9comobilit\u00e9 scolaire sur le mode de d\u00e9placement utilis\u00e9 par les enfants pour se rendre \u00e0 l\u2019\u00e9cole. 1500 classes de la r\u00e9gion Hauts-de-France y ont particip\u00e9 cette ann\u00e9e.<\/p>\n<p>Pendant la semaine de challenge, les enseignants interrogent chaque jour les \u00e9l\u00e8ves des classes participantes pour savoir comment ils sont venus \u00e0 l\u2019\u00e9cole. Les r\u00e9sultats sont ensuite inscrits dans une grille de comptage remise en fin de semaine aux organisateurs qui \u00e9tablissent un classement r\u00e9gional.<\/p>\n<p>Le challenge s\u2019adresse \u00e0 toutes les \u00e9coles de la r\u00e9gion Hauts-de-France de la maternelle au CM2 qui souhaitent sensibiliser les \u00e9l\u00e8ves et leurs familles aux enjeux li\u00e9s \u00e0 la mobilit\u00e9 (s\u00e9curit\u00e9 routi\u00e8re, environnement, sant\u00e9, etc) et encourager les modes de d\u00e9placement \u00e9comobiles (marche, v\u00e9lo, trottinette, bus, covoiturage) pour effectuer le trajet domicile \u2013 \u00e9cole.<\/p>\n<p><strong>L\u2019\u00e9cole Lakanal est une des rares \u00e9coles \u00e0 avoir <a href=\"https:\/\/www.roubaixxl.fr\/initiative-la-rue-scolaire-pour-des-abords-decole-en-toute-serenite\/\" target=\"_blank\" rel=\"noopener\">une rue scolaire<\/a><\/strong>. Concr\u00e8tement, il s\u2019agit de fermer ponctuellement la rue de l\u2019\u00e9cole le matin et le soir aux heures de pointe, ce qui encourage les parents et les enfants \u00e0 venir \u00e0 pied ou \u00e0 v\u00e9lo tout en \u00e9tant en s\u00e9curit\u00e9 sur les trottoirs.<\/p>\n","protected":false},"excerpt":{"rendered":"Une des classes de CE2-CM1 de l\u2019\u00e9cole Lakanal de Roubaix a remport\u00e9 la premi\u00e8re place du challenge de&hellip;\n","protected":false},"author":2,"featured_media":661287,"comment_status":"","ping_status":"","sticky":false,"template":"","format":"standard","meta":{"footnotes":""},"categories":[2815],"tags":[1111,11,15141,1777,674,1011,27,811,1307,12,25],"class_list":{"0":"post-661286","1":"post","2":"type-post","3":"status-publish","4":"format-standard","5":"has-post-thumbnail","7":"category-lille","8":"tag-actu","9":"tag-actualites","10":"tag-ecomobilite","11":"tag-eu","12":"tag-europe","13":"tag-fr","14":"tag-france","15":"tag-hauts-de-france","16":"tag-lille","17":"tag-news","18":"tag-republique-francaise"},"share_on_mastodon":{"url":"https:\/\/pubeurope.com\/@fr\/115889465160870129","error":""},"_links":{"self":[{"href":"https:\/\/www.europesays.com\/fr\/wp-json\/wp\/v2\/posts\/661286","targetHints":{"allow":["GET"]}}],"collection":[{"href":"https:\/\/www.europesays.com\/fr\/wp-json\/wp\/v2\/posts"}],"about":[{"href":"https:\/\/www.europesays.com\/fr\/wp-json\/wp\/v2\/types\/post"}],"author":[{"embeddable":true,"href":"https:\/\/www.europesays.com\/fr\/wp-json\/wp\/v2\/users\/2"}],"replies":[{"embeddable":true,"href":"https:\/\/www.europesays.com\/fr\/wp-json\/wp\/v2\/comments?post=661286"}],"version-history":[{"count":0,"href":"https:\/\/www.europesays.com\/fr\/wp-json\/wp\/v2\/posts\/661286\/revisions"}],"wp:featuredmedia":[{"embeddable":true,"href":"https:\/\/www.europesays.com\/fr\/wp-json\/wp\/v2\/media\/661287"}],"wp:attachment":[{"href":"https:\/\/www.europesays.com\/fr\/wp-json\/wp\/v2\/media?parent=661286"}],"wp:term":[{"taxonomy":"category","embeddable":true,"href":"https:\/\/www.europesays.com\/fr\/wp-json\/wp\/v2\/categories?post=661286"},{"taxonomy":"post_tag","embeddable":true,"href":"https:\/\/www.europesays.com\/fr\/wp-json\/wp\/v2\/tags?post=661286"}],"curies":[{"name":"wp","href":"https:\/\/api.w.org\/{rel}","templated":true}]}}