{"id":661288,"date":"2026-01-13T19:34:15","date_gmt":"2026-01-13T19:34:15","guid":{"rendered":"https:\/\/www.europesays.com\/fr\/661288\/"},"modified":"2026-01-13T19:34:15","modified_gmt":"2026-01-13T19:34:15","slug":"meteo-a-lille-previsions-du-mardi-13-janvier-2026","status":"publish","type":"post","link":"https:\/\/www.europesays.com\/fr\/661288\/","title":{"rendered":"M\u00e9t\u00e9o \u00e0 Lille : pr\u00e9visions du mardi 13 janvier 2026"},"content":{"rendered":"<p>\u00c0 Lille, la journ\u00e9e du mardi 13 janvier 2026 reste grise et humide avec un ciel tr\u00e8s nuageux ce matin, une bruine l\u00e9g\u00e8re en apr\u00e8s-midi et un vent soutenu. Les temp\u00e9ratures oscillent autour de 8 \u00e0 10 \u00b0C, dans une ambiance fra\u00eeche et humide.<\/p>\n<p>    Matin : grisaille humide avant le lever de soleil<\/p>\n<p>Le soleil se l\u00e8vera au-dessus de la De\u00fble \u00e0 08 h 44. D\u2019ici l\u00e0, la capitale des Flandres d\u00e9bute sa journ\u00e9e sous un \u00e9pais plafond nuageux, observ\u00e9 \u00e0 09 h.<\/p>\n<ul>\n<li><b>Temp\u00e9rature<\/b> : 9 \u00b0C, ressenti 6 \u00b0C.<\/li>\n<li><b>Humidit\u00e9<\/b> : 94 % \u2013 atmosph\u00e8re tr\u00e8s humide, pare-brise vite embu\u00e9.<\/li>\n<li><b>Vent moyen<\/b> : 17 km\/h de secteur Sud.<\/li>\n<\/ul>\n<p>Pas de pluie mesurable, mais la visibilit\u00e9 reste r\u00e9duite par les nuages bas. La prudence s\u2019impose sur l\u2019A1 et le p\u00e9riph\u00e9rique, o\u00f9 l\u2019on anticipe des distances de freinage allong\u00e9es sur chauss\u00e9e fra\u00eeche.<\/p>\n<p>Apr\u00e8s-midi : petite bruine et premi\u00e8res rafales<\/p>\n<p>\u00c0 15 h, une bruine l\u00e9g\u00e8re s\u2019installe sur la m\u00e9tropole. Le mercure atteint <b>10 \u00b0C<\/b>, ressenti 7 \u00b0C, avec une humidit\u00e9 toujours \u00e9lev\u00e9e \u00e0 78 %.<\/p>\n<p>Le vent de Sud se renforce \u00e0 23 km\/h, accompagn\u00e9 de rafales marqu\u00e9es jusqu\u2019\u00e0 <b>42 km\/h<\/b>. Les parapluies l\u00e9gers risquent de se retourner, il est donc pr\u00e9f\u00e9rable d\u2019opter pour une capuche.<\/p>\n<p>La probabilit\u00e9 de pluie atteint 63 %. Les averses restent faibles, mais peuvent g\u00eaner les trajets \u00e0 v\u00e9lo. Redoublez de prudence sur les pav\u00e9s lillois devenus glissants.<\/p>\n<p>Soir : n\u00e9bulosit\u00e9 persistante et vent soutenu<\/p>\n<p>Le soleil se couchera \u00e0 17 h 08, derri\u00e8re un ciel qui demeure tr\u00e8s charg\u00e9. \u00c0 21 h, Lille conserve une couverture nuageuse dense.<\/p>\n<ul>\n<li><b>Temp\u00e9rature<\/b> : 8 \u00b0C, ressentie 4 \u00b0C.<\/li>\n<li><b>Vent<\/b> : 24 km\/h, rafales 42 km\/h de Sud-Sud-Ouest.<\/li>\n<li><b>Humidit\u00e9<\/b> : 86 %.<\/li>\n<\/ul>\n<p>Malgr\u00e9 une probabilit\u00e9 de pluie limit\u00e9e \u00e0 20 %, les bourrasques peuvent perturber la circulation des deux-roues. Il est recommand\u00e9 de s\u00e9curiser le mobilier de terrasse et les d\u00e9corations restant apr\u00e8s les f\u00eates.<\/p>\n<p>Tendance pour le mercredi 14 janvier : retour de la pluie<\/p>\n<p>La nuit prochaine, le ciel restera tr\u00e8s nuageux avec 7 \u00b0C et un ressenti de 4 \u00b0C. Le vent faiblira \u00e0 11 km\/h, am\u00e9liorant le confort des noctambules.<\/p>\n<p>Demain, une configuration plus perturb\u00e9e s\u2019annonce :<\/p>\n<ul>\n<li><b>Type<\/b> : pluie faible persistante.<\/li>\n<li><b>Pr\u00e9cipitations<\/b> attendues : 7,1 mm sur la journ\u00e9e.<\/li>\n<li><b>Thermom\u00e8tre<\/b> : de 3 \u00b0C \u00e0 8 \u00b0C, ressentis 0-5 \u00b0C.<\/li>\n<li><b>Vent<\/b> : 22 km\/h, rafales 40 km\/h d\u2019Ouest-Sud-Ouest.<\/li>\n<li><b>Humidit\u00e9 moyenne<\/b> : 83 %.<\/li>\n<\/ul>\n<p>Ces valeurs, proches des normales de janvier, confirment l\u2019installation d\u2019un flux oc\u00e9anique doux et humide. Rien d\u2019inhabituel, mais la succession de perturbations illustre l\u2019accentuation des contrastes hydriques d\u00e9j\u00e0 d\u00e9crite par le GIEC.<\/p>\n<p>Pour optimiser vos d\u00e9placements, anticipez la chauss\u00e9e ruisselante et la visi\u00e8re embu\u00e9e d\u00e8s le matin. Pensez \u00e0 contr\u00f4ler vos essuie-glaces et \u00e0 chausser de bonnes semelles, surtout si vous fr\u00e9quentez les march\u00e9s ou les quais.<\/p>\n<p>Besoin d\u2019une vision plus large ? Consultez <a href=\"https:\/\/www.meteocity.com\/france\/lille-v2998324\/meteo-15-jours\" target=\"_blank\" rel=\"noopener\">notre pr\u00e9vision 15 jours<\/a> et planifiez vos sorties culturelles ou vos joggings sur la Citadelle.<\/p>\n<p>En r\u00e9sum\u00e9, ce 13 janvier reste gris et vent\u00e9, sans exc\u00e8s notable, avant un mercredi plus arros\u00e9. Gardez l\u2019imperm\u00e9able \u00e0 port\u00e9e de main et restez attentifs aux rafales, notamment pour les usagers les plus vuln\u00e9rables.<\/p>\n","protected":false},"excerpt":{"rendered":"\u00c0 Lille, la journ\u00e9e du mardi 13 janvier 2026 reste grise et humide avec un ciel tr\u00e8s nuageux&hellip;\n","protected":false},"author":2,"featured_media":661289,"comment_status":"","ping_status":"","sticky":false,"template":"","format":"standard","meta":{"footnotes":""},"categories":[2815],"tags":[1111,11,1777,674,1011,27,811,1307,12,25],"class_list":{"0":"post-661288","1":"post","2":"type-post","3":"status-publish","4":"format-standard","5":"has-post-thumbnail","7":"category-lille","8":"tag-actu","9":"tag-actualites","10":"tag-eu","11":"tag-europe","12":"tag-fr","13":"tag-france","14":"tag-hauts-de-france","15":"tag-lille","16":"tag-news","17":"tag-republique-francaise"},"share_on_mastodon":{"url":"https:\/\/pubeurope.com\/@fr\/115889469094691257","error":""},"_links":{"self":[{"href":"https:\/\/www.europesays.com\/fr\/wp-json\/wp\/v2\/posts\/661288","targetHints":{"allow":["GET"]}}],"collection":[{"href":"https:\/\/www.europesays.com\/fr\/wp-json\/wp\/v2\/posts"}],"about":[{"href":"https:\/\/www.europesays.com\/fr\/wp-json\/wp\/v2\/types\/post"}],"author":[{"embeddable":true,"href":"https:\/\/www.europesays.com\/fr\/wp-json\/wp\/v2\/users\/2"}],"replies":[{"embeddable":true,"href":"https:\/\/www.europesays.com\/fr\/wp-json\/wp\/v2\/comments?post=661288"}],"version-history":[{"count":0,"href":"https:\/\/www.europesays.com\/fr\/wp-json\/wp\/v2\/posts\/661288\/revisions"}],"wp:featuredmedia":[{"embeddable":true,"href":"https:\/\/www.europesays.com\/fr\/wp-json\/wp\/v2\/media\/661289"}],"wp:attachment":[{"href":"https:\/\/www.europesays.com\/fr\/wp-json\/wp\/v2\/media?parent=661288"}],"wp:term":[{"taxonomy":"category","embeddable":true,"href":"https:\/\/www.europesays.com\/fr\/wp-json\/wp\/v2\/categories?post=661288"},{"taxonomy":"post_tag","embeddable":true,"href":"https:\/\/www.europesays.com\/fr\/wp-json\/wp\/v2\/tags?post=661288"}],"curies":[{"name":"wp","href":"https:\/\/api.w.org\/{rel}","templated":true}]}}