{"id":661292,"date":"2026-01-13T19:36:14","date_gmt":"2026-01-13T19:36:14","guid":{"rendered":"https:\/\/www.europesays.com\/fr\/661292\/"},"modified":"2026-01-13T19:36:14","modified_gmt":"2026-01-13T19:36:14","slug":"direct-coupe-de-france-le-bayeux-fc-affronte-lolympique-de-marseille-en-16e-de-finale","status":"publish","type":"post","link":"https:\/\/www.europesays.com\/fr\/661292\/","title":{"rendered":"DIRECT &#8211; Coupe de France\u00a0: le Bayeux FC affronte l&rsquo;Olympique de Marseille en 16e de finale"},"content":{"rendered":"<p> <img decoding=\"async\" src=\"https:\/\/www.europesays.com\/fr\/wp-content\/uploads\/2026\/01\/1768332974_333_1200x680.jpeg\" alt=\"illustration agrandir l'image\" style=\"--_image-preview:url('data:image\/jpeg;base64,\/9j\/2wBDACgcHiMeGSgjISMtKygwPGRBPDc3PHtYXUlkkYCZlo+AjIqgtObDoKrarYqMyP\/L2u71\/\/\/\/m8H\/\/\/\/6\/+b9\/\/j\/2wBDASstLTw1PHZBQXb4pYyl+Pj4+Pj4+Pj4+Pj4+Pj4+Pj4+Pj4+Pj4+Pj4+Pj4+Pj4+Pj4+Pj4+Pj4+Pj4+Pj4+Pj\/wAARCAAXACoDASIAAhEBAxEB\/8QAFwABAQEBAAAAAAAAAAAAAAAAAAIBBP\/EABYQAQEBAAAAAAAAAAAAAAAAAAABEf\/EABcBAAMBAAAAAAAAAAAAAAAAAAABAgP\/xAAWEQEBAQAAAAAAAAAAAAAAAAAAARH\/2gAMAwEAAhEDEQA\/AOCRcjZFSHSJFYSNxFUmxmLwwaE4A0qIqKgMqpuNwEm\/\/9k=');\" loading=\"eager\" fetchpriority=\"high\" class=\"svelte-1cksh76 rounded\" onload=\"this.__e=event\" onerror=\"this.__e=event\"\/> Les supporters du Bayeux FC s&rsquo;\u00e9taient d\u00e9plac\u00e9s en nombre \u00e0 Yvetot (photo d&rsquo;illustration). \u00a9 Radio France &#8211; Olivier Duc     <\/p>\n<p class=\"g-ici-body-regular-3 info svelte-r4l8dg\">Publi\u00e9 le mardi 13 janvier 2026 \u00e0 20:30 <\/p>\n<ul class=\"SocialNetworks svelte-oam7rq\">\n<li class=\"svelte-oam7rq\"><\/li>\n<li class=\"svelte-oam7rq\"><\/li>\n<li class=\"svelte-oam7rq\"><\/li>\n<li class=\"svelte-oam7rq\"><\/li>\n<li class=\"svelte-oam7rq\"><\/li>\n<\/ul>\n<p class=\"standfirst g-ici-body-bold-1 svelte-huxgbw\">Le Bayeux FC affronte l&rsquo;Olympique de Marseille ce mardi soir en 16e de finale de Coupe de France. Le petit poucet, qui \u00e9volue en R\u00e9gional 1, jouera face au club de Ligue 1 sur la pelouse du stade d&rsquo;Ornano de Caen. Suivez la rencontre en direct avec ICI Normandie. <\/p>\n<p>Le petit poucet face au 3e de Ligue 1. Le Bayeux FC se mesure ce mardi soir \u00e0 l&rsquo;Olympique de Marseille, en 16e de finale de Coupe de France. Le club normand \u00e9volue en R\u00e9gional 1, et jouera sur la pelouse du stade d&rsquo;Ornano de Caen. Le match \u00e9v\u00e9nement est sans surprise \u00e0 guichets ferm\u00e9s. Le coup d&rsquo;envoi est \u00e0 21h. Suivez la rencontre en direct avec ICI Normandie.<\/p>\n<p>Suivez la rencontre en direct <\/p>\n<p>loading<\/p>\n<p>loading<\/p>\n<ul class=\"SocialNetworks svelte-oam7rq\">\n<li class=\"svelte-oam7rq\"><\/li>\n<li class=\"svelte-oam7rq\"><\/li>\n<li class=\"svelte-oam7rq\"><\/li>\n<li class=\"svelte-oam7rq\"><\/li>\n<li class=\"svelte-oam7rq\"><\/li>\n<\/ul>\n","protected":false},"excerpt":{"rendered":"Les supporters du Bayeux FC s&rsquo;\u00e9taient d\u00e9plac\u00e9s en nombre \u00e0 Yvetot (photo d&rsquo;illustration). \u00a9 Radio France &#8211; Olivier&hellip;\n","protected":false},"author":2,"featured_media":661293,"comment_status":"","ping_status":"","sticky":false,"template":"","format":"standard","meta":{"footnotes":""},"categories":[2814],"tags":[1111,11,1777,674,1011,27,884,12,882,25],"class_list":{"0":"post-661292","1":"post","2":"type-post","3":"status-publish","4":"format-standard","5":"has-post-thumbnail","7":"category-marseille","8":"tag-actu","9":"tag-actualites","10":"tag-eu","11":"tag-europe","12":"tag-fr","13":"tag-france","14":"tag-marseille","15":"tag-news","16":"tag-provence-alpes-cote-dazur","17":"tag-republique-francaise"},"share_on_mastodon":{"url":"https:\/\/pubeurope.com\/@fr\/115889477016008293","error":""},"_links":{"self":[{"href":"https:\/\/www.europesays.com\/fr\/wp-json\/wp\/v2\/posts\/661292","targetHints":{"allow":["GET"]}}],"collection":[{"href":"https:\/\/www.europesays.com\/fr\/wp-json\/wp\/v2\/posts"}],"about":[{"href":"https:\/\/www.europesays.com\/fr\/wp-json\/wp\/v2\/types\/post"}],"author":[{"embeddable":true,"href":"https:\/\/www.europesays.com\/fr\/wp-json\/wp\/v2\/users\/2"}],"replies":[{"embeddable":true,"href":"https:\/\/www.europesays.com\/fr\/wp-json\/wp\/v2\/comments?post=661292"}],"version-history":[{"count":0,"href":"https:\/\/www.europesays.com\/fr\/wp-json\/wp\/v2\/posts\/661292\/revisions"}],"wp:featuredmedia":[{"embeddable":true,"href":"https:\/\/www.europesays.com\/fr\/wp-json\/wp\/v2\/media\/661293"}],"wp:attachment":[{"href":"https:\/\/www.europesays.com\/fr\/wp-json\/wp\/v2\/media?parent=661292"}],"wp:term":[{"taxonomy":"category","embeddable":true,"href":"https:\/\/www.europesays.com\/fr\/wp-json\/wp\/v2\/categories?post=661292"},{"taxonomy":"post_tag","embeddable":true,"href":"https:\/\/www.europesays.com\/fr\/wp-json\/wp\/v2\/tags?post=661292"}],"curies":[{"name":"wp","href":"https:\/\/api.w.org\/{rel}","templated":true}]}}