{"id":661294,"date":"2026-01-13T19:37:12","date_gmt":"2026-01-13T19:37:12","guid":{"rendered":"https:\/\/www.europesays.com\/fr\/661294\/"},"modified":"2026-01-13T19:37:12","modified_gmt":"2026-01-13T19:37:12","slug":"jamais-sans-toit-mobilise-ce-mercredi-a-lyon","status":"publish","type":"post","link":"https:\/\/www.europesays.com\/fr\/661294\/","title":{"rendered":"\u00ab\u00a0Jamais sans Toit\u00a0\u00bb mobilis\u00e9 ce mercredi \u00e0 Lyon"},"content":{"rendered":"<p>                            <img loading=\"lazy\" width=\"1200\" height=\"750\" class=\"attachment-article size-article wp-post-image lazyload\" alt=\"\" decoding=\"async\" src=\"https:\/\/www.europesays.com\/fr\/wp-content\/uploads\/2026\/01\/Ecole-desaffectee-du-parc-Blandan-occupee-par-27-familles.-Credit-Jamais-Sans-Toit-2-e1768034760331..jpeg\" data-eio-rwidth=\"1200\" data-eio-rheight=\"750\"\/><\/p>\n<p>Ecole d\u00e9saffect\u00e9e du parc Blandan occup\u00e9e par 27 familles. Cr\u00e9dit Jamais Sans Toit <\/p>\n<p class=\"content\" style=\"font-size:1.2em;font-weight:700\">Mercredi 14 janvier, le collectif \u00ab\u00a0Jamais Sans Toit\u00a0\u00bb, organisera un rassemblement devant la pr\u00e9fecture du Rh\u00f4ne. L&rsquo;association revendique \u00ab\u00a0des solutions imm\u00e9diates\u00a0\u00bb pour les familles sans-abris.<\/p>\n<p>Faute d&rsquo;obtenir une audience avec la pr\u00e9f\u00e8te du Rh\u00f4ne, le collectif \u00ab\u00a0Jamais sans Toit\u00a0\u00bb se r\u00e9unira mercredi 14 janvier devant la pr\u00e9fecture, \u00e0 Lyon. Mobilis\u00e9 d\u00e8s 13 h, le collectif y revendiquera \u00ab\u00a0des solutions imm\u00e9diates, dignes et durables pour les familles sans h\u00e9bergement dans la m\u00e9tropole lyonnaise\u00a0\u00bb, notamment pour celles h\u00e9berg\u00e9es d&rsquo;urgence au sein du Parc Blandan (7e).<\/p>\n<p>Des solutions \u00ab\u00a0imm\u00e9diates, dignes et durables\u00a0\u00bb<\/p>\n<p>Pour rappel, \u00ab\u00a0Jamais sans Toit\u00a0\u00bb occupe une \u00e9cole d\u00e9saffect\u00e9e du Parc Blandan depuis le 9 janvier. Au total, 117 personnes dont 69 enfants et trois b\u00e9b\u00e9s y ont trouv\u00e9 refuge : \u00ab\u00a0Cette occupation n\u2019est en aucun cas un choix : elle constitue la seule alternative pour emp\u00eacher que des familles avec enfants ne dorment \u00e0 la rue\u00a0\u00bb, rappelle le collectif.<\/p>\n<p>Alors que l&rsquo;association effectue des ravitaillements quotidiens aux familles,\u00a0\u00bbJamais sans Toit\u00a0\u00bb demande \u00e0 l&rsquo;Etat de prendre ses responsabilit\u00e9s : \u00ab\u00a0Nous demandons \u00e0 la Pr\u00e9fecture du Rh\u00f4ne de financer un accompagnement social, permettant le suivi des familles et la gestion humanitaire du site, dans l\u2019attente de solutions dignes, stables et durables pour chacune d\u2019entre elles.\u00a0\u00bb<\/p>\n<p>A noter que les personnes h\u00e9berg\u00e9es seront forc\u00e9es de quitter le site \u00e0 la fin de la tr\u00eave hivernale, soit le 31 mars prochain. <\/p>\n<p><strong>Lire aussi : <\/strong><a href=\"https:\/\/www.lyoncapitale.fr\/actualite\/la-ville-de-lyon-autorise-les-27-familles-hebergees-au-parc-blandan-de-rester-jusqua-la-fin-de-la-treve-hivernale\" target=\"_blank\" rel=\"noopener\">La Ville de Lyon autorise les familles h\u00e9berg\u00e9es au parc Blandan \u00e0 rester jusqu\u2019\u00e0 la fin de la tr\u00eave hivernale<\/a><\/p>\n","protected":false},"excerpt":{"rendered":"Ecole d\u00e9saffect\u00e9e du parc Blandan occup\u00e9e par 27 familles. Cr\u00e9dit Jamais Sans Toit Mercredi 14 janvier, le collectif&hellip;\n","protected":false},"author":2,"featured_media":653981,"comment_status":"","ping_status":"","sticky":false,"template":"","format":"standard","meta":{"footnotes":""},"categories":[1889],"tags":[1111,11,2430,1777,674,1011,27,2428,12,25],"class_list":{"0":"post-661294","1":"post","2":"type-post","3":"status-publish","4":"format-standard","5":"has-post-thumbnail","7":"category-lyon","8":"tag-actu","9":"tag-actualites","10":"tag-auvergne-rhone-alpes","11":"tag-eu","12":"tag-europe","13":"tag-fr","14":"tag-france","15":"tag-lyon","16":"tag-news","17":"tag-republique-francaise"},"share_on_mastodon":{"url":"https:\/\/pubeurope.com\/@fr\/115889481021254719","error":""},"_links":{"self":[{"href":"https:\/\/www.europesays.com\/fr\/wp-json\/wp\/v2\/posts\/661294","targetHints":{"allow":["GET"]}}],"collection":[{"href":"https:\/\/www.europesays.com\/fr\/wp-json\/wp\/v2\/posts"}],"about":[{"href":"https:\/\/www.europesays.com\/fr\/wp-json\/wp\/v2\/types\/post"}],"author":[{"embeddable":true,"href":"https:\/\/www.europesays.com\/fr\/wp-json\/wp\/v2\/users\/2"}],"replies":[{"embeddable":true,"href":"https:\/\/www.europesays.com\/fr\/wp-json\/wp\/v2\/comments?post=661294"}],"version-history":[{"count":0,"href":"https:\/\/www.europesays.com\/fr\/wp-json\/wp\/v2\/posts\/661294\/revisions"}],"wp:featuredmedia":[{"embeddable":true,"href":"https:\/\/www.europesays.com\/fr\/wp-json\/wp\/v2\/media\/653981"}],"wp:attachment":[{"href":"https:\/\/www.europesays.com\/fr\/wp-json\/wp\/v2\/media?parent=661294"}],"wp:term":[{"taxonomy":"category","embeddable":true,"href":"https:\/\/www.europesays.com\/fr\/wp-json\/wp\/v2\/categories?post=661294"},{"taxonomy":"post_tag","embeddable":true,"href":"https:\/\/www.europesays.com\/fr\/wp-json\/wp\/v2\/tags?post=661294"}],"curies":[{"name":"wp","href":"https:\/\/api.w.org\/{rel}","templated":true}]}}