{"id":661295,"date":"2026-01-13T19:38:12","date_gmt":"2026-01-13T19:38:12","guid":{"rendered":"https:\/\/www.europesays.com\/fr\/661295\/"},"modified":"2026-01-13T19:38:12","modified_gmt":"2026-01-13T19:38:12","slug":"lyon-municipales-2026-tags-depots-sauvages-comment-gregory-doucet-veut-lutter-contre-les-incivilites-du-quotidien","status":"publish","type":"post","link":"https:\/\/www.europesays.com\/fr\/661295\/","title":{"rendered":"Lyon. Municipales 2026.\u00a0Tags, d\u00e9p\u00f4ts sauvages\u2026 Comment Gr\u00e9gory Doucet veut lutter contre les incivilit\u00e9s du quotidien"},"content":{"rendered":"<p>Cela a \u00e9t\u00e9 un leitmotiv durant ce mandat. Alors que certains quartiers de Lyon, comme la <a href=\"https:\/\/www.leprogres.fr\/p\/la-guillotiere\" target=\"_blank\" rel=\"noopener\">Guilloti\u00e8re<\/a>, restaient min\u00e9s par les d\u00e9p\u00f4ts sauvages et que d\u2019autres, comme le bas des Pentes d\u00e9frayait la chronique avec la multiplication de tags, la mairie \u00e9cologiste, r\u00e9guli\u00e8rement interpell\u00e9e sur la question de la propret\u00e9 de la ville et parfois accus\u00e9e de \u00ab\u00a0laxisme\u00a0\u00bb, d\u00e9cidait en 2024 de dresser des amendes administratives pour \u00ab\u00a0accentuer la pression sur les plus r\u00e9calcitrants\u00a0\u00bb. Une mesure \u00ab\u00a0pas assez muscl\u00e9e\u00a0\u00bb, jugeait \u00e0 l\u2019\u00e9poque l\u2019opposition de droite.<\/p>\n<p>Le sujet revient aujourd\u2019hui sur la table par le biais d\u2019une nouvelle annonce de campagne port\u00e9e par <a href=\"https:\/\/www.leprogres.fr\/p\/gregory-doucet\" target=\"_blank\" rel=\"noopener\">Gr\u00e9gory Doucet<\/a>, candidat de l\u2019union de la gauche et des \u00e9cologistes (Pour Vivre Lyon) pour les Municipales de mars. Il veut, s\u2019il est r\u00e9\u00e9lu, cr\u00e9er \u00ab\u00a0une brigade anti-incivilit\u00e9s qui sera charg\u00e9e de sensibiliser les habitants et de sanctionner les auteurs d\u2019incivilit\u00e9s\u00a0\u00bb, annonce son \u00e9quipe de campagne.<\/p>\n<p>  50 nouveaux agents<\/p>\n<p>On parle \u00ab\u00a0des infractions \u00e0 la circulation, <a href=\"https:\/\/www.leprogres.fr\/environnement\/2024\/11\/22\/j-ai-mal-aux-tripes-quand-je-vois-l-amoncellement-des-dechets-le-quartier-de-la-guillotiere-toujours-mine-par-les-depots-sauvages\" target=\"_blank\" rel=\"noopener\">des abandons de d\u00e9chets<\/a> ou la cr\u00e9ation de tags, \u00ab\u00a0qui renforcent l\u2019ins\u00e9curit\u00e9\u00a0\u00bb.<\/p>\n<p>Gr\u00e9gory Doucet l\u2019imagine \u00ab\u00a0compos\u00e9e d\u2019environ 50 nouveaux agents\u00a0\u00bb avec des policiers municipaux et des ASVP. Elle patrouillera, formalise-t-il, \u00e0 pied et \u00e0 v\u00e9lo \u00ab\u00a0pour garantir une pr\u00e9sence visible et identifiable dans l\u2019ensemble des quartiers\u00a0\u00bb.<\/p>\n","protected":false},"excerpt":{"rendered":"Cela a \u00e9t\u00e9 un leitmotiv durant ce mandat. Alors que certains quartiers de Lyon, comme la Guilloti\u00e8re, restaient&hellip;\n","protected":false},"author":2,"featured_media":661296,"comment_status":"","ping_status":"","sticky":false,"template":"","format":"standard","meta":{"footnotes":""},"categories":[1889],"tags":[1111,11,2430,2757,4188,1777,674,107,1011,27,2428,2756,12,316,25,2429],"class_list":{"0":"post-661295","1":"post","2":"type-post","3":"status-publish","4":"format-standard","5":"has-post-thumbnail","7":"category-lyon","8":"tag-actu","9":"tag-actualites","10":"tag-auvergne-rhone-alpes","11":"tag-edition-lyon-villeurbanne","12":"tag-elections-municipales","13":"tag-eu","14":"tag-europe","15":"tag-fil-info","16":"tag-fr","17":"tag-france","18":"tag-lyon","19":"tag-lyon-bassin","20":"tag-news","21":"tag-politique","22":"tag-republique-francaise","23":"tag-rhone"},"share_on_mastodon":{"url":"https:\/\/pubeurope.com\/@fr\/115889484788943859","error":""},"_links":{"self":[{"href":"https:\/\/www.europesays.com\/fr\/wp-json\/wp\/v2\/posts\/661295","targetHints":{"allow":["GET"]}}],"collection":[{"href":"https:\/\/www.europesays.com\/fr\/wp-json\/wp\/v2\/posts"}],"about":[{"href":"https:\/\/www.europesays.com\/fr\/wp-json\/wp\/v2\/types\/post"}],"author":[{"embeddable":true,"href":"https:\/\/www.europesays.com\/fr\/wp-json\/wp\/v2\/users\/2"}],"replies":[{"embeddable":true,"href":"https:\/\/www.europesays.com\/fr\/wp-json\/wp\/v2\/comments?post=661295"}],"version-history":[{"count":0,"href":"https:\/\/www.europesays.com\/fr\/wp-json\/wp\/v2\/posts\/661295\/revisions"}],"wp:featuredmedia":[{"embeddable":true,"href":"https:\/\/www.europesays.com\/fr\/wp-json\/wp\/v2\/media\/661296"}],"wp:attachment":[{"href":"https:\/\/www.europesays.com\/fr\/wp-json\/wp\/v2\/media?parent=661295"}],"wp:term":[{"taxonomy":"category","embeddable":true,"href":"https:\/\/www.europesays.com\/fr\/wp-json\/wp\/v2\/categories?post=661295"},{"taxonomy":"post_tag","embeddable":true,"href":"https:\/\/www.europesays.com\/fr\/wp-json\/wp\/v2\/tags?post=661295"}],"curies":[{"name":"wp","href":"https:\/\/api.w.org\/{rel}","templated":true}]}}